{"id":9180,"date":"2026-04-30T09:00:14","date_gmt":"2026-04-30T07:00:14","guid":{"rendered":"https:\/\/agora.xtec.cat\/escoladetermens\/?p=9180"},"modified":"2026-04-30T13:38:47","modified_gmt":"2026-04-30T11:38:47","slug":"participem-als-mschools-awards-2026-amb-un-projecte-molt-especial","status":"publish","type":"post","link":"https:\/\/agora.xtec.cat\/escoladetermens\/general\/participem-als-mschools-awards-2026-amb-un-projecte-molt-especial\/","title":{"rendered":"Participem als mSchools Awards 2026 amb un projecte molt especial"},"content":{"rendered":"<p>Estimades fam\u00edlies,<\/p>\n<p>Ens fa molta il\u00b7lusi\u00f3 compartir amb vosaltres que el projecte <em>Hist\u00f2ries que no surten als llibres<\/em>, creat pels alumnes de 5\u00e8 i 6\u00e8, ja \u00e9s p\u00fablic i forma part dels <a href=\"https:\/\/mschools.com\/ca\/mschools-awards-2026\/\"><strong>mSchools Awards 2026<\/strong><\/a>. Ha estat un treball intens i emocionant: hem investigat la hist\u00f2ria del poble, hem parlat amb avis, hem consultat fotografies d\u2019arxiu i hem recorregut els espais que conserven mem\u00f2ria.<\/p>\n<p>El resultat \u00e9s una <strong>ruta digital amb 16 punts geolocalitzats<\/strong>, amb p\u00f2dcasts, v\u00eddeos, infografies, dibuixos i textos creats pels mateixos alumnes.<\/p>\n<p>Compartim amb vosaltres els materials principals:<\/p>\n<ul>\n<li>\ud83c\udfac <strong>V\u00eddeo presentat al concurs<\/strong><\/li>\n<\/ul>\n<ul>\n<li>\ud83d\uddfa\ufe0f <strong>Mapa interactiu del projecte<\/strong><\/li>\n<li>\ud83c\udf10 <strong>Web del projecte, oberta a tothom<\/strong><\/li>\n<\/ul>\n<p>Volem donar les gr\u00e0cies a totes les fam\u00edlies pel vostre suport, a l\u2019Ajuntament pel material i, molt especialment, al Joan i als avis que han compartit records i viv\u00e8ncies que han fet possible reconstruir aquesta hist\u00f2ria.<\/p>\n<p>Ara que tot el material digital \u00e9s p\u00fablic, esperem que el gaudiu tant com nosaltres i que us resulti tan interessant com ha estat per als alumnes de cicle superior crear-lo.<\/p>\n<p>&nbsp;<\/p>\n<ul>\n<li>\ud83c\udfac <strong>V\u00eddeo presentat al concurs<\/strong><\/li>\n<\/ul>\n<p>&nbsp;<\/p>\n<p><iframe loading=\"lazy\" src=\"\/\/www.youtube.com\/embed\/B1NzrxBHVZU?si=T5bdeIUbEceOPvao\" width=\"560\" height=\"314\" allowfullscreen=\"allowfullscreen\"><\/iframe><\/p>\n<ul>\n<li>\ud83d\uddfa\ufe0f <strong>Mapa interactiu del projecte<\/strong><\/li>\n<\/ul>\n<p><iframe loading=\"lazy\" src=\"https:\/\/mhm.mobileworldcapital.com\/ca_ES\/escenari\/4489\/mostraEscenariIframe\" name=\"Escenari\" width=\"960\" height=\"440\"><\/iframe><\/p>\n<ul>\n<li>\ud83c\udf10 <strong>Web del projecte, oberta a tothom, cliqueu a la imatge\u00a0<\/strong><\/li>\n<\/ul>\n<p><a href=\"https:\/\/sites.google.com\/escoladetermens.cat\/termens\/ruta-hist%C3%B2rica-de-la-guerra-civil-a-t%C3%A9rmens\"><img loading=\"lazy\" decoding=\"async\" class=\"wp-image-9181 aligncenter\" src=\"https:\/\/agora.xtec.cat\/escoladetermens\/wp-content\/uploads\/usu1845\/2026\/04\/Histories-que-no-surten-als-llibres-1-724x1024.jpg\" alt=\"\" width=\"480\" height=\"679\" srcset=\"https:\/\/agora.xtec.cat\/escoladetermens\/wp-content\/uploads\/usu1845\/2026\/04\/Histories-que-no-surten-als-llibres-1-724x1024.jpg 724w, https:\/\/agora.xtec.cat\/escoladetermens\/wp-content\/uploads\/usu1845\/2026\/04\/Histories-que-no-surten-als-llibres-1-212x300.jpg 212w, https:\/\/agora.xtec.cat\/escoladetermens\/wp-content\/uploads\/usu1845\/2026\/04\/Histories-que-no-surten-als-llibres-1-768x1086.jpg 768w, https:\/\/agora.xtec.cat\/escoladetermens\/wp-content\/uploads\/usu1845\/2026\/04\/Histories-que-no-surten-als-llibres-1-1086x1536.jpg 1086w, https:\/\/agora.xtec.cat\/escoladetermens\/wp-content\/uploads\/usu1845\/2026\/04\/Histories-que-no-surten-als-llibres-1.jpg 1414w\" sizes=\"auto, (max-width: 480px) 100vw, 480px\" \/><\/a><\/p>\n<p>&nbsp;<\/p>\n","protected":false},"excerpt":{"rendered":"<p>Estimades fam\u00edlies,<br \/>\nEns fa molta il\u00b7lusi\u00f3 compartir amb vosaltres que el projecte Hist\u00f2ries que no surten als llibres, creat pels alumnes de 5\u00e8 i 6\u00e8, ja \u00e9s p\u00fablic i forma part dels <a href=\"https:\/\/mschools.com\/ca\/mschools-awards-2026\/\">mSchools Awards 2026<\/a>. Ha estat un treball intens i emocionant: hem investigat la&hellip;  <a href=\"https:\/\/agora.xtec.cat\/escoladetermens\/general\/participem-als-mschools-awards-2026-amb-un-projecte-molt-especial\/\" title=\"Read Participem als mSchools Awards 2026 amb un projecte molt especial\">Llegeix m\u00e9s\u00bb<\/a><\/p>\n","protected":false},"author":27,"featured_media":9181,"comment_status":"open","ping_status":"open","sticky":true,"template":"","format":"standard","meta":{"_bbp_topic_count":0,"_bbp_reply_count":0,"_bbp_total_topic_count":0,"_bbp_total_reply_count":0,"_bbp_voice_count":0,"_bbp_anonymous_reply_count":0,"_bbp_topic_count_hidden":0,"_bbp_reply_count_hidden":0,"_bbp_forum_subforum_count":0,"footnotes":""},"categories":[14,15,347,1,4],"tags":[432,430,431],"class_list":["post-9180","post","type-post","status-publish","format-standard","has-post-thumbnail","hentry","category-5e","category-6e","category-cultura-digital","category-general","category-portada","tag-historiesquenosurtenalsllibres","tag-mschools","tag-termens"],"post_mailing_queue_ids":[],"_links":{"self":[{"href":"https:\/\/agora.xtec.cat\/escoladetermens\/wp-json\/wp\/v2\/posts\/9180","targetHints":{"allow":["GET"]}}],"collection":[{"href":"https:\/\/agora.xtec.cat\/escoladetermens\/wp-json\/wp\/v2\/posts"}],"about":[{"href":"https:\/\/agora.xtec.cat\/escoladetermens\/wp-json\/wp\/v2\/types\/post"}],"author":[{"embeddable":true,"href":"https:\/\/agora.xtec.cat\/escoladetermens\/wp-json\/wp\/v2\/users\/27"}],"replies":[{"embeddable":true,"href":"https:\/\/agora.xtec.cat\/escoladetermens\/wp-json\/wp\/v2\/comments?post=9180"}],"version-history":[{"count":3,"href":"https:\/\/agora.xtec.cat\/escoladetermens\/wp-json\/wp\/v2\/posts\/9180\/revisions"}],"predecessor-version":[{"id":9184,"href":"https:\/\/agora.xtec.cat\/escoladetermens\/wp-json\/wp\/v2\/posts\/9180\/revisions\/9184"}],"wp:featuredmedia":[{"embeddable":true,"href":"https:\/\/agora.xtec.cat\/escoladetermens\/wp-json\/wp\/v2\/media\/9181"}],"wp:attachment":[{"href":"https:\/\/agora.xtec.cat\/escoladetermens\/wp-json\/wp\/v2\/media?parent=9180"}],"wp:term":[{"taxonomy":"category","embeddable":true,"href":"https:\/\/agora.xtec.cat\/escoladetermens\/wp-json\/wp\/v2\/categories?post=9180"},{"taxonomy":"post_tag","embeddable":true,"href":"https:\/\/agora.xtec.cat\/escoladetermens\/wp-json\/wp\/v2\/tags?post=9180"}],"curies":[{"name":"wp","href":"https:\/\/api.w.org\/{rel}","templated":true}]}}