{"id":9176,"date":"2026-04-29T18:28:29","date_gmt":"2026-04-29T16:28:29","guid":{"rendered":"https:\/\/agora.xtec.cat\/escoladetermens\/?p=9176"},"modified":"2026-04-29T18:39:27","modified_gmt":"2026-04-29T16:39:27","slug":"la-primavera-i-els-colors","status":"publish","type":"post","link":"https:\/\/agora.xtec.cat\/escoladetermens\/infantil\/la-primavera-i-els-colors\/","title":{"rendered":"I-3 i I-4: LA PRIMAVERA I ELS COLORS"},"content":{"rendered":"<p>LA PRIMAVERA I ELS COLORS!<\/p>\n<p><a href=\"https:\/\/photos.app.goo.gl\/mGFVzSSTHbvhtFZJ9\"><img loading=\"lazy\" decoding=\"async\" class=\"\" src=\"https:\/\/lh3.googleusercontent.com\/pw\/AP1GczN2B-peB_8JhetbltHqLbJOdkgfi52VF9J7rF0uUYa772dUhzsAp0In6qDVl1s48TUyRH--nWCtBHpX0xlRJ38iAgLCmub5usmTh372jt4qa6UEPQeY-RD1g6MSsuc7CyFPIGBXbWP_huzGcnzAEddIOw=w890-h890-s-no-gm?authuser=2\" width=\"253\" height=\"253\" \/><\/a><\/p>\n<p>Els\/les alumnes d&#8217;I-3 i d&#8217;I-4 s&#8217;inicien en un nou projecte a partir del retorn de les orenetes i parlem de la primavera. Entre dites i poemes, fem una sortida al marge esquerra del Riu Segre que passa per la nostra vila. Observem el paisatge i ens adonem que hi ha molts colors, la<em> Primavera ja \u00e9s aqu\u00ed<\/em>! Els arbres treuen fulles i alguns alguna flor com l&#8217;ametller. Les roselles, les malves, els rosers i altres plantes ja es deixen veure. I llavors ens preguntem: d&#8217;on surten aquests colors? Com acolorien o pintaven abans sense retoladors, colors de plastidecor o de fusta?<\/p>\n<p>Fem experiments i ens adonem que hi ha fruites que taquen o pinten com els fresons o maduixes o el ra\u00efm negre&#8230; dels nostres esmorzars. Ens agraden els colors i comencem a pintar flors utilitzant diferents estris (canyes de pl\u00e0stic, tubs de paper de v\u00e0ter, fils de les panotxes de pan\u00eds, taps de suro, pinzells, esponges&#8230;), tamb\u00e9 retallem papers de diferents colors i els enganxem fent un collage de la primavera. Fem m\u00e0gia barrejant pintures i ens ho passem d&#8217;all\u00f2 m\u00e9s b\u00e9!<\/p>\n<p>Amb els robots busquem flors per ajudar a les abelles a agafar n\u00e8ctar i pol\u00b7len. Els Tale-Bot Pro volen fer un ram de flors i escullen quines agafar.<\/p>\n<p>Escrivim el nom d&#8217;algunes flors i\/o plantes, les comptem, les classifiquem i les repartim.<\/p>\n<p>Observem l&#8217;entorn amb diferents lupes de colors, tot \u00e9s molt m\u00e9s bonic!<\/p>\n<p>Aqu\u00ed us deixem algunes <a href=\"https:\/\/photos.app.goo.gl\/mGFVzSSTHbvhtFZJ9\">fotos<\/a> que hem fet mentre treballavem <em>Els colors de la primavera!<\/em><\/p>\n","protected":false},"excerpt":{"rendered":"<p>LA PRIMAVERA I ELS COLORS!<br \/>\n<a href=\"https:\/\/photos.app.goo.gl\/mGFVzSSTHbvhtFZJ9\"><\/a><br \/>\nEls\/les alumnes d&#8217;I-3 i d&#8217;I-4 s&#8217;inicien en un nou projecte a partir del retorn de les orenetes i parlem de la primavera. Entre dites i poemes, fem una sortida al marge esquerra del Riu Segre que passa per la nostra&hellip;  <a href=\"https:\/\/agora.xtec.cat\/escoladetermens\/infantil\/la-primavera-i-els-colors\/\" title=\"Read I-3 i I-4: LA PRIMAVERA I ELS COLORS\">Llegeix m\u00e9s\u00bb<\/a><\/p>\n","protected":false},"author":29,"featured_media":0,"comment_status":"open","ping_status":"open","sticky":false,"template":"","format":"standard","meta":{"_bbp_topic_count":0,"_bbp_reply_count":0,"_bbp_total_topic_count":0,"_bbp_total_reply_count":0,"_bbp_voice_count":0,"_bbp_anonymous_reply_count":0,"_bbp_topic_count_hidden":0,"_bbp_reply_count_hidden":0,"_bbp_forum_subforum_count":0,"footnotes":""},"categories":[3,2,4],"tags":[],"class_list":["post-9176","post","type-post","status-publish","format-standard","hentry","category-i3-i4","category-infantil","category-portada"],"post_mailing_queue_ids":[],"_links":{"self":[{"href":"https:\/\/agora.xtec.cat\/escoladetermens\/wp-json\/wp\/v2\/posts\/9176","targetHints":{"allow":["GET"]}}],"collection":[{"href":"https:\/\/agora.xtec.cat\/escoladetermens\/wp-json\/wp\/v2\/posts"}],"about":[{"href":"https:\/\/agora.xtec.cat\/escoladetermens\/wp-json\/wp\/v2\/types\/post"}],"author":[{"embeddable":true,"href":"https:\/\/agora.xtec.cat\/escoladetermens\/wp-json\/wp\/v2\/users\/29"}],"replies":[{"embeddable":true,"href":"https:\/\/agora.xtec.cat\/escoladetermens\/wp-json\/wp\/v2\/comments?post=9176"}],"version-history":[{"count":3,"href":"https:\/\/agora.xtec.cat\/escoladetermens\/wp-json\/wp\/v2\/posts\/9176\/revisions"}],"predecessor-version":[{"id":9179,"href":"https:\/\/agora.xtec.cat\/escoladetermens\/wp-json\/wp\/v2\/posts\/9176\/revisions\/9179"}],"wp:attachment":[{"href":"https:\/\/agora.xtec.cat\/escoladetermens\/wp-json\/wp\/v2\/media?parent=9176"}],"wp:term":[{"taxonomy":"category","embeddable":true,"href":"https:\/\/agora.xtec.cat\/escoladetermens\/wp-json\/wp\/v2\/categories?post=9176"},{"taxonomy":"post_tag","embeddable":true,"href":"https:\/\/agora.xtec.cat\/escoladetermens\/wp-json\/wp\/v2\/tags?post=9176"}],"curies":[{"name":"wp","href":"https:\/\/api.w.org\/{rel}","templated":true}]}}