{"id":9172,"date":"2026-04-27T10:47:40","date_gmt":"2026-04-27T08:47:40","guid":{"rendered":"https:\/\/agora.xtec.cat\/escoladetermens\/?p=9172"},"modified":"2026-04-27T11:02:54","modified_gmt":"2026-04-27T09:02:54","slug":"colonies-a-vallclara","status":"publish","type":"post","link":"https:\/\/agora.xtec.cat\/escoladetermens\/infantil\/i3-i4\/colonies-a-vallclara\/","title":{"rendered":"COL\u00d2NIES A VALLCLARA!"},"content":{"rendered":"<p data-start=\"0\" data-end=\"302\">Les <strong>col\u00f2nies a Vallclara<\/strong> han estat una experi\u00e8ncia molt enriquidora per a tot l\u2019alumnat, des d\u2019<strong>I3 fins a 6\u00e8.<\/strong> Els cursos de 4t, 5\u00e8 i 6\u00e8 hi van passar dues nits, mentre que I3, I4, I5, 2n i 3r hi van estar una nit. La <strong>dist\u00e0ncia des de T\u00e9rmens<\/strong> va resultar molt adequada, facilitant un despla\u00e7ament c\u00f2mode.<\/p>\n<p data-start=\"304\" data-end=\"484\">Les <strong>instal\u00b7lacions<\/strong> ens van sorprendre molt positivament: habitacions confortables amb bany incl\u00f2s i espais ben cuidats. Pel que fa als <strong>\u00e0pats<\/strong>, han estat variats i de bona qualitat.<\/p>\n<p data-start=\"486\" data-end=\"917\">Les <strong>activitats<\/strong> han girat al voltant de la tem\u00e0tica de la <strong>Festa Major<\/strong>, en connexi\u00f3 amb el nostre <strong>projecte interdisciplinari <em data-start=\"609\" data-end=\"628\">\u201cArrels de Festa\u201d<\/em>.<\/strong> Hem gaudit d\u2019una gran varietat de propostes com l<strong><em>\u2019excursi\u00f3 a la Balma, la Fira d\u2019artesania, el concurs d\u2019andr\u00f2mines, el mundialet d\u2019esports, circ, batucada, cucanyes, espectacles de carrer i una animada discom\u00f2bil.<\/em> <\/strong>Totes han estat molt ben organitzades i adaptades als diferents nivells.<\/p>\n<p data-start=\"919\" data-end=\"1132\" data-is-last-node=\"\" data-is-only-node=\"\">Cal destacar tamb\u00e9 la gran tasca dels monitors, que han acompanyat i dinamitzat les activitats amb professionalitat i entusiasme. En conjunt, unes col\u00f2nies molt ben valorades que segur que recordarem amb il\u00b7lusi\u00f3.<\/p>\n<p style=\"text-align: center;\" data-start=\"919\" data-end=\"1132\" data-is-last-node=\"\" data-is-only-node=\"\"><strong><em>Clicar damunt dels LINKS per visionar les SUPERFOTOS!<\/em><\/strong><\/p>\n<div style=\"position: relative; width: 100%; height: 0; padding-top: 100.0000%; padding-bottom: 0; box-shadow: 0 2px 8px 0 rgba(63,69,81,0.16); margin-top: 1.6em; margin-bottom: 0.9em; overflow: hidden; border-radius: 8px; will-change: transform;\"><iframe style=\"position: absolute; width: 100%; height: 100%; top: 0; left: 0; border: none; padding: 0; margin: 0;\" src=\"https:\/\/www.canva.com\/design\/DAHICFt6siI\/kYX4S6TRp51EK1jFVxh2qQ\/view?embed\" allowfullscreen=\"allowfullscreen\"><br \/>\n<\/iframe><\/div>\n<p><a href=\"https:\/\/www.canva.com\/design\/DAHICFt6siI\/kYX4S6TRp51EK1jFVxh2qQ\/view?utm_content=DAHICFt6siI&amp;utm_campaign=designshare&amp;utm_medium=embeds&amp;utm_source=link\" target=\"_blank\" rel=\"noopener\">Col\u00f2nies Vallclara<\/a> de Escola Alfred Potrony<\/p>\n","protected":false},"excerpt":{"rendered":"<p>Les col\u00f2nies a Vallclara han estat una experi\u00e8ncia molt enriquidora per a tot l\u2019alumnat, des d\u2019I3 fins a 6\u00e8. Els cursos de 4t, 5\u00e8 i 6\u00e8 hi van passar dues nits, mentre que I3, I4, I5, 2n i 3r hi van estar una nit. La&hellip;  <a href=\"https:\/\/agora.xtec.cat\/escoladetermens\/infantil\/i3-i4\/colonies-a-vallclara\/\" title=\"Read COL\u00d2NIES A VALLCLARA!\">Llegeix m\u00e9s\u00bb<\/a><\/p>\n","protected":false},"author":1,"featured_media":0,"comment_status":"open","ping_status":"open","sticky":true,"template":"","format":"standard","meta":{"_bbp_topic_count":0,"_bbp_reply_count":0,"_bbp_total_topic_count":0,"_bbp_total_reply_count":0,"_bbp_voice_count":0,"_bbp_anonymous_reply_count":0,"_bbp_topic_count_hidden":0,"_bbp_reply_count_hidden":0,"_bbp_forum_subforum_count":0,"footnotes":""},"categories":[10,11,12,14,15,3,9,4,339],"tags":[],"class_list":["post-9172","post","type-post","status-publish","format-standard","hentry","category-2n","category-3r","category-4t","category-5e","category-6e","category-i3-i4","category-i5","category-portada","category-sortides"],"post_mailing_queue_ids":[],"_links":{"self":[{"href":"https:\/\/agora.xtec.cat\/escoladetermens\/wp-json\/wp\/v2\/posts\/9172","targetHints":{"allow":["GET"]}}],"collection":[{"href":"https:\/\/agora.xtec.cat\/escoladetermens\/wp-json\/wp\/v2\/posts"}],"about":[{"href":"https:\/\/agora.xtec.cat\/escoladetermens\/wp-json\/wp\/v2\/types\/post"}],"author":[{"embeddable":true,"href":"https:\/\/agora.xtec.cat\/escoladetermens\/wp-json\/wp\/v2\/users\/1"}],"replies":[{"embeddable":true,"href":"https:\/\/agora.xtec.cat\/escoladetermens\/wp-json\/wp\/v2\/comments?post=9172"}],"version-history":[{"count":3,"href":"https:\/\/agora.xtec.cat\/escoladetermens\/wp-json\/wp\/v2\/posts\/9172\/revisions"}],"predecessor-version":[{"id":9175,"href":"https:\/\/agora.xtec.cat\/escoladetermens\/wp-json\/wp\/v2\/posts\/9172\/revisions\/9175"}],"wp:attachment":[{"href":"https:\/\/agora.xtec.cat\/escoladetermens\/wp-json\/wp\/v2\/media?parent=9172"}],"wp:term":[{"taxonomy":"category","embeddable":true,"href":"https:\/\/agora.xtec.cat\/escoladetermens\/wp-json\/wp\/v2\/categories?post=9172"},{"taxonomy":"post_tag","embeddable":true,"href":"https:\/\/agora.xtec.cat\/escoladetermens\/wp-json\/wp\/v2\/tags?post=9172"}],"curies":[{"name":"wp","href":"https:\/\/api.w.org\/{rel}","templated":true}]}}