{"id":9095,"date":"2026-03-13T15:39:52","date_gmt":"2026-03-13T14:39:52","guid":{"rendered":"https:\/\/agora.xtec.cat\/escoladetermens\/?p=9095"},"modified":"2026-04-26T21:36:17","modified_gmt":"2026-04-26T19:36:17","slug":"3r-programa-termens-tv","status":"publish","type":"post","link":"https:\/\/agora.xtec.cat\/escoladetermens\/portada\/3r-programa-termens-tv\/","title":{"rendered":"3r Programa T\u00e9rmens TV"},"content":{"rendered":"<p>Ens fa molta il\u00b7lusi\u00f3 mostrar-vos el <strong>3r programa de T\u00e9rmens TV<\/strong>\u2764\ud83c\udfac. En aquest programa els nostres infants han preparat guions i imatges sobre Taller de Reciclatge, sortida pel poble per con\u00e8ixer llocs i fets hist\u00f2rics de la Guerra Civil, Projecte interdisciplinari &#8220;Arrels de Festa&#8221; (amb molt\u00edssimes sorpreses!).<\/p>\n<p>Gaudiu de tota la feina feta\u2764<\/p>\n<p><iframe loading=\"lazy\" title=\"Tercer programa 25 26\" width=\"500\" height=\"281\" src=\"https:\/\/www.youtube.com\/embed\/GPBwSckTtPA?feature=oembed\" frameborder=\"0\" allow=\"accelerometer; autoplay; clipboard-write; encrypted-media; gyroscope; picture-in-picture; web-share\" referrerpolicy=\"strict-origin-when-cross-origin\" allowfullscreen><\/iframe><\/p>\n","protected":false},"excerpt":{"rendered":"<p>Ens fa molta il\u00b7lusi\u00f3 mostrar-vos el 3r programa de T\u00e9rmens TV\u2764\ud83c\udfac. En aquest programa els nostres infants han preparat guions i imatges sobre Taller de Reciclatge, sortida pel poble per con\u00e8ixer llocs i fets hist\u00f2rics de la Guerra Civil, Projecte interdisciplinari &#8220;Arrels de Festa&#8221; (amb&hellip;  <a href=\"https:\/\/agora.xtec.cat\/escoladetermens\/portada\/3r-programa-termens-tv\/\" title=\"Read 3r Programa T\u00e9rmens TV\">Llegeix m\u00e9s\u00bb<\/a><\/p>\n","protected":false},"author":18,"featured_media":0,"comment_status":"open","ping_status":"open","sticky":false,"template":"","format":"standard","meta":{"_bbp_topic_count":0,"_bbp_reply_count":0,"_bbp_total_topic_count":0,"_bbp_total_reply_count":0,"_bbp_voice_count":0,"_bbp_anonymous_reply_count":0,"_bbp_topic_count_hidden":0,"_bbp_reply_count_hidden":0,"_bbp_forum_subforum_count":0,"footnotes":""},"categories":[4,413],"tags":[430,412,411],"class_list":["post-9095","post","type-post","status-publish","format-standard","hentry","category-portada","category-termenstv","tag-mschools","tag-termenstv","tag-tv"],"post_mailing_queue_ids":[],"_links":{"self":[{"href":"https:\/\/agora.xtec.cat\/escoladetermens\/wp-json\/wp\/v2\/posts\/9095","targetHints":{"allow":["GET"]}}],"collection":[{"href":"https:\/\/agora.xtec.cat\/escoladetermens\/wp-json\/wp\/v2\/posts"}],"about":[{"href":"https:\/\/agora.xtec.cat\/escoladetermens\/wp-json\/wp\/v2\/types\/post"}],"author":[{"embeddable":true,"href":"https:\/\/agora.xtec.cat\/escoladetermens\/wp-json\/wp\/v2\/users\/18"}],"replies":[{"embeddable":true,"href":"https:\/\/agora.xtec.cat\/escoladetermens\/wp-json\/wp\/v2\/comments?post=9095"}],"version-history":[{"count":2,"href":"https:\/\/agora.xtec.cat\/escoladetermens\/wp-json\/wp\/v2\/posts\/9095\/revisions"}],"predecessor-version":[{"id":9097,"href":"https:\/\/agora.xtec.cat\/escoladetermens\/wp-json\/wp\/v2\/posts\/9095\/revisions\/9097"}],"wp:attachment":[{"href":"https:\/\/agora.xtec.cat\/escoladetermens\/wp-json\/wp\/v2\/media?parent=9095"}],"wp:term":[{"taxonomy":"category","embeddable":true,"href":"https:\/\/agora.xtec.cat\/escoladetermens\/wp-json\/wp\/v2\/categories?post=9095"},{"taxonomy":"post_tag","embeddable":true,"href":"https:\/\/agora.xtec.cat\/escoladetermens\/wp-json\/wp\/v2\/tags?post=9095"}],"curies":[{"name":"wp","href":"https:\/\/api.w.org\/{rel}","templated":true}]}}