{"id":9080,"date":"2026-03-12T10:51:27","date_gmt":"2026-03-12T09:51:27","guid":{"rendered":"https:\/\/agora.xtec.cat\/escoladetermens\/?p=9080"},"modified":"2026-03-12T10:51:27","modified_gmt":"2026-03-12T09:51:27","slug":"preparant-lectura-en-veu-alta-2","status":"publish","type":"post","link":"https:\/\/agora.xtec.cat\/escoladetermens\/portada\/preparant-lectura-en-veu-alta-2\/","title":{"rendered":"Preparant Lectura en Veu Alta!"},"content":{"rendered":"<p>Aquests dies estem preparant el certamen de<strong>\u00a0LECTURA en VEU ALTA,<\/strong>\u00a0i entre tots hem decidit qui es presentar\u00e0 en la categoria de\u00a0<strong>C. Mitj\u00e0 (3r i 4t curs) i C. Superior (5\u00e8 i 6\u00e8 curs).<\/strong><\/p>\n<p>En\u00a0<strong>l\u2019edici\u00f3 XXII<\/strong> que es celebrar\u00e0\u00a0 el <strong>25\u00a0de mar\u00e7 al Teatre de Balaguer<\/strong>\u00a0els candidats s\u00f3n:<\/p>\n<ul>\n<li>C. Mitj\u00e0:<strong>THA\u00cdS i N\u00c0DIA\u00a0<\/strong>(Suplent)<\/li>\n<li>C. Superior:\u00a0<strong>PAULA i BRUNA<\/strong>\u00a0(Suplent)<\/li>\n<\/ul>\n<p>Aquesta activitat est\u00e0 organitzada pel Servei Educatiu de la Noguera, a trav\u00e9s del CRP i l\u2019equip LIC de la Noguera.<\/p>\n<p><img loading=\"lazy\" decoding=\"async\" class=\"aligncenter size-medium wp-image-9081\" src=\"https:\/\/agora.xtec.cat\/escoladetermens\/wp-content\/uploads\/usu1845\/2026\/03\/Lectura-300x275.jpg\" alt=\"\" width=\"300\" height=\"275\" srcset=\"https:\/\/agora.xtec.cat\/escoladetermens\/wp-content\/uploads\/usu1845\/2026\/03\/Lectura-300x275.jpg 300w, https:\/\/agora.xtec.cat\/escoladetermens\/wp-content\/uploads\/usu1845\/2026\/03\/Lectura.jpg 461w\" sizes=\"auto, (max-width: 300px) 100vw, 300px\" \/><img loading=\"lazy\" decoding=\"async\" class=\"aligncenter size-medium wp-image-9082\" src=\"https:\/\/agora.xtec.cat\/escoladetermens\/wp-content\/uploads\/usu1845\/2026\/03\/WhatsApp-Image-2026-03-12-at-10.41.08-300x225.jpeg\" alt=\"\" width=\"300\" height=\"225\" srcset=\"https:\/\/agora.xtec.cat\/escoladetermens\/wp-content\/uploads\/usu1845\/2026\/03\/WhatsApp-Image-2026-03-12-at-10.41.08-300x225.jpeg 300w, https:\/\/agora.xtec.cat\/escoladetermens\/wp-content\/uploads\/usu1845\/2026\/03\/WhatsApp-Image-2026-03-12-at-10.41.08-1024x768.jpeg 1024w, https:\/\/agora.xtec.cat\/escoladetermens\/wp-content\/uploads\/usu1845\/2026\/03\/WhatsApp-Image-2026-03-12-at-10.41.08-768x576.jpeg 768w, https:\/\/agora.xtec.cat\/escoladetermens\/wp-content\/uploads\/usu1845\/2026\/03\/WhatsApp-Image-2026-03-12-at-10.41.08-1536x1152.jpeg 1536w, https:\/\/agora.xtec.cat\/escoladetermens\/wp-content\/uploads\/usu1845\/2026\/03\/WhatsApp-Image-2026-03-12-at-10.41.08-200x150.jpeg 200w, https:\/\/agora.xtec.cat\/escoladetermens\/wp-content\/uploads\/usu1845\/2026\/03\/WhatsApp-Image-2026-03-12-at-10.41.08.jpeg 1600w\" sizes=\"auto, (max-width: 300px) 100vw, 300px\" \/><\/p>\n<p style=\"text-align: center;\"><strong><em>Aplaudiment pels representants, pels participants i per tota l\u2019escola!<\/em><\/strong><\/p>\n","protected":false},"excerpt":{"rendered":"<p>Aquests dies estem preparant el certamen de\u00a0LECTURA en VEU ALTA,\u00a0i entre tots hem decidit qui es presentar\u00e0 en la categoria de\u00a0C. Mitj\u00e0 (3r i 4t curs) i C. Superior (5\u00e8 i 6\u00e8 curs).<br \/>\nEn\u00a0l\u2019edici\u00f3 XXII que es celebrar\u00e0\u00a0 el 25\u00a0de mar\u00e7 al Teatre de Balaguer\u00a0els candidats&hellip;  <a href=\"https:\/\/agora.xtec.cat\/escoladetermens\/portada\/preparant-lectura-en-veu-alta-2\/\" title=\"Read Preparant Lectura en Veu Alta!\">Llegeix m\u00e9s\u00bb<\/a><\/p>\n","protected":false},"author":1,"featured_media":0,"comment_status":"open","ping_status":"open","sticky":false,"template":"","format":"standard","meta":{"_bbp_topic_count":0,"_bbp_reply_count":0,"_bbp_total_topic_count":0,"_bbp_total_reply_count":0,"_bbp_voice_count":0,"_bbp_anonymous_reply_count":0,"_bbp_topic_count_hidden":0,"_bbp_reply_count_hidden":0,"_bbp_forum_subforum_count":0,"footnotes":""},"categories":[12,14,15,343,4],"tags":[],"class_list":["post-9080","post","type-post","status-publish","format-standard","hentry","category-4t","category-5e","category-6e","category-lescola-llegeix","category-portada"],"post_mailing_queue_ids":[],"_links":{"self":[{"href":"https:\/\/agora.xtec.cat\/escoladetermens\/wp-json\/wp\/v2\/posts\/9080","targetHints":{"allow":["GET"]}}],"collection":[{"href":"https:\/\/agora.xtec.cat\/escoladetermens\/wp-json\/wp\/v2\/posts"}],"about":[{"href":"https:\/\/agora.xtec.cat\/escoladetermens\/wp-json\/wp\/v2\/types\/post"}],"author":[{"embeddable":true,"href":"https:\/\/agora.xtec.cat\/escoladetermens\/wp-json\/wp\/v2\/users\/1"}],"replies":[{"embeddable":true,"href":"https:\/\/agora.xtec.cat\/escoladetermens\/wp-json\/wp\/v2\/comments?post=9080"}],"version-history":[{"count":1,"href":"https:\/\/agora.xtec.cat\/escoladetermens\/wp-json\/wp\/v2\/posts\/9080\/revisions"}],"predecessor-version":[{"id":9083,"href":"https:\/\/agora.xtec.cat\/escoladetermens\/wp-json\/wp\/v2\/posts\/9080\/revisions\/9083"}],"wp:attachment":[{"href":"https:\/\/agora.xtec.cat\/escoladetermens\/wp-json\/wp\/v2\/media?parent=9080"}],"wp:term":[{"taxonomy":"category","embeddable":true,"href":"https:\/\/agora.xtec.cat\/escoladetermens\/wp-json\/wp\/v2\/categories?post=9080"},{"taxonomy":"post_tag","embeddable":true,"href":"https:\/\/agora.xtec.cat\/escoladetermens\/wp-json\/wp\/v2\/tags?post=9080"}],"curies":[{"name":"wp","href":"https:\/\/api.w.org\/{rel}","templated":true}]}}