{"id":9024,"date":"2026-02-13T17:22:20","date_gmt":"2026-02-13T16:22:20","guid":{"rendered":"https:\/\/agora.xtec.cat\/escoladetermens\/?p=9024"},"modified":"2026-02-13T17:22:20","modified_gmt":"2026-02-13T16:22:20","slug":"lescola-fa-un-pas-endavant-amb-el-projecte-escuela-4-0","status":"publish","type":"post","link":"https:\/\/agora.xtec.cat\/escoladetermens\/infantil\/i3-i4\/lescola-fa-un-pas-endavant-amb-el-projecte-escuela-4-0\/","title":{"rendered":"L\u2019escola fa un pas endavant amb el projecte \u201cEscuela 4.0\u201d"},"content":{"rendered":"<p data-start=\"394\" data-end=\"716\">A la nostra escola continuem apostant per una educaci\u00f3 innovadora, competencial i connectada amb els reptes del segle XXI. Gr\u00e0cies al projecte <strong data-start=\"537\" data-end=\"554\">\u201cEscuela 4.0\u201d<\/strong>, hem rebut una important <strong>subvenci\u00f3<\/strong> destinada a l\u2019adquisici\u00f3 de material <strong>STEAM<\/strong> que ens permetr\u00e0 refor\u00e7ar el nostre projecte de rob\u00f2tica i pensament computacional.<\/p>\n<p data-start=\"718\" data-end=\"1011\">Aquest nou equipament \u2014robots educatius, kits de construcci\u00f3, materials tecnol\u00f2gics i recursos manipulatius\u2014 s\u2019ha distribu\u00eft entre els infants petits, mitjans i grans de l\u2019escola, garantint aix\u00ed que tot l\u2019alumnat pugui gaudir d\u2019experi\u00e8ncies d\u2019aprenentatge innovadores i adaptades a cada etapa.<\/p>\n<p data-start=\"1013\" data-end=\"1389\">Es tracta d\u2019un privilegi i una oportunitat de gran valor per a la nostra comunitat educativa. Aquest material no nom\u00e9s desperta la curiositat i la motivaci\u00f3 dels infants, sin\u00f3 que contribueix de manera directa al desenvolupament de compet\u00e8ncies clau com el pensament l\u00f2gic i matem\u00e0tic, la resoluci\u00f3 de problemes, la creativitat, el treball cooperatiu i la compet\u00e8ncia digital.<\/p>\n<p data-start=\"1391\" data-end=\"1633\">La rob\u00f2tica educativa ens permet aprendre fent, experimentar, equivocar-nos i tornar-ho a provar. \u00c9s una eina potent per fomentar l\u2019autonomia, la perseveran\u00e7a i la capacitat de superar reptes, sempre des d\u2019una mirada inclusiva i competencial\u2699\ud83d\udddc.<\/p>\n<p data-start=\"1635\" data-end=\"1867\">Aquest material s\u2019utilitzar\u00e0 en moments espec\u00edfics de l\u2019horari lectiu, integrat dins de situacions d\u2019aprenentatge planificades, amb l\u2019objectiu d\u2019elevar el nivell competencial del nostre alumnat mentre gaudeixen del proc\u00e9s d\u2019aprendre.<\/p>\n<p data-start=\"1869\" data-end=\"2004\">Seguim avan\u00e7ant amb il\u00b7lusi\u00f3, conven\u00e7uts que invertir en educaci\u00f3, innovaci\u00f3 i tecnologia \u00e9s invertir en el futur dels nostres infants\u2764.<\/p>\n<p>&nbsp;<\/p>\n<p><a href=\"https:\/\/photos.app.goo.gl\/AyXkNm28mywoR1ZdA\"><img loading=\"lazy\" decoding=\"async\" class=\"aligncenter size-medium wp-image-9025\" src=\"https:\/\/agora.xtec.cat\/escoladetermens\/wp-content\/uploads\/usu1845\/2026\/02\/WhatsApp-Image-2026-02-13-at-09.48.20-1-COLLAGE-300x300.jpg\" alt=\"\" width=\"300\" height=\"300\" srcset=\"https:\/\/agora.xtec.cat\/escoladetermens\/wp-content\/uploads\/usu1845\/2026\/02\/WhatsApp-Image-2026-02-13-at-09.48.20-1-COLLAGE-300x300.jpg 300w, https:\/\/agora.xtec.cat\/escoladetermens\/wp-content\/uploads\/usu1845\/2026\/02\/WhatsApp-Image-2026-02-13-at-09.48.20-1-COLLAGE-1024x1024.jpg 1024w, https:\/\/agora.xtec.cat\/escoladetermens\/wp-content\/uploads\/usu1845\/2026\/02\/WhatsApp-Image-2026-02-13-at-09.48.20-1-COLLAGE-150x150.jpg 150w, https:\/\/agora.xtec.cat\/escoladetermens\/wp-content\/uploads\/usu1845\/2026\/02\/WhatsApp-Image-2026-02-13-at-09.48.20-1-COLLAGE-768x768.jpg 768w, https:\/\/agora.xtec.cat\/escoladetermens\/wp-content\/uploads\/usu1845\/2026\/02\/WhatsApp-Image-2026-02-13-at-09.48.20-1-COLLAGE-1536x1536.jpg 1536w, https:\/\/agora.xtec.cat\/escoladetermens\/wp-content\/uploads\/usu1845\/2026\/02\/WhatsApp-Image-2026-02-13-at-09.48.20-1-COLLAGE.jpg 2046w\" sizes=\"auto, (max-width: 300px) 100vw, 300px\" \/><\/a><\/p>\n","protected":false},"excerpt":{"rendered":"<p>A la nostra escola continuem apostant per una educaci\u00f3 innovadora, competencial i connectada amb els reptes del segle XXI. Gr\u00e0cies al projecte \u201cEscuela 4.0\u201d, hem rebut una important subvenci\u00f3 destinada a l\u2019adquisici\u00f3 de material STEAM que ens permetr\u00e0 refor\u00e7ar el nostre projecte de rob\u00f2tica i&hellip;  <a href=\"https:\/\/agora.xtec.cat\/escoladetermens\/infantil\/i3-i4\/lescola-fa-un-pas-endavant-amb-el-projecte-escuela-4-0\/\" title=\"Read L\u2019escola fa un pas endavant amb el projecte \u201cEscuela 4.0\u201d\">Llegeix m\u00e9s\u00bb<\/a><\/p>\n","protected":false},"author":1,"featured_media":0,"comment_status":"open","ping_status":"open","sticky":false,"template":"","format":"standard","meta":{"_bbp_topic_count":0,"_bbp_reply_count":0,"_bbp_total_topic_count":0,"_bbp_total_reply_count":0,"_bbp_voice_count":0,"_bbp_anonymous_reply_count":0,"_bbp_topic_count_hidden":0,"_bbp_reply_count_hidden":0,"_bbp_forum_subforum_count":0,"footnotes":""},"categories":[10,11,12,14,15,3,9,4,346],"tags":[429,262,428],"class_list":["post-9024","post","type-post","status-publish","format-standard","hentry","category-2n","category-3r","category-4t","category-5e","category-6e","category-i3-i4","category-i5","category-portada","category-robotica","tag-pensament-computacinal","tag-robotica","tag-steam"],"post_mailing_queue_ids":[],"_links":{"self":[{"href":"https:\/\/agora.xtec.cat\/escoladetermens\/wp-json\/wp\/v2\/posts\/9024","targetHints":{"allow":["GET"]}}],"collection":[{"href":"https:\/\/agora.xtec.cat\/escoladetermens\/wp-json\/wp\/v2\/posts"}],"about":[{"href":"https:\/\/agora.xtec.cat\/escoladetermens\/wp-json\/wp\/v2\/types\/post"}],"author":[{"embeddable":true,"href":"https:\/\/agora.xtec.cat\/escoladetermens\/wp-json\/wp\/v2\/users\/1"}],"replies":[{"embeddable":true,"href":"https:\/\/agora.xtec.cat\/escoladetermens\/wp-json\/wp\/v2\/comments?post=9024"}],"version-history":[{"count":3,"href":"https:\/\/agora.xtec.cat\/escoladetermens\/wp-json\/wp\/v2\/posts\/9024\/revisions"}],"predecessor-version":[{"id":9031,"href":"https:\/\/agora.xtec.cat\/escoladetermens\/wp-json\/wp\/v2\/posts\/9024\/revisions\/9031"}],"wp:attachment":[{"href":"https:\/\/agora.xtec.cat\/escoladetermens\/wp-json\/wp\/v2\/media?parent=9024"}],"wp:term":[{"taxonomy":"category","embeddable":true,"href":"https:\/\/agora.xtec.cat\/escoladetermens\/wp-json\/wp\/v2\/categories?post=9024"},{"taxonomy":"post_tag","embeddable":true,"href":"https:\/\/agora.xtec.cat\/escoladetermens\/wp-json\/wp\/v2\/tags?post=9024"}],"curies":[{"name":"wp","href":"https:\/\/api.w.org\/{rel}","templated":true}]}}