{"id":8885,"date":"2025-11-03T14:27:08","date_gmt":"2025-11-03T13:27:08","guid":{"rendered":"https:\/\/agora.xtec.cat\/escoladetermens\/?p=8885"},"modified":"2025-11-07T11:55:36","modified_gmt":"2025-11-07T10:55:36","slug":"castanyada-3","status":"publish","type":"post","link":"https:\/\/agora.xtec.cat\/escoladetermens\/infantil\/i3-i4\/castanyada-3\/","title":{"rendered":"CASTANYADA"},"content":{"rendered":"<p style=\"text-align: center;\">Amb la\u00a0<strong>TARDOR,\u00a0<\/strong>arriba la\u00a0<strong>CASTANYADA<\/strong>\u00a0a l\u2019escola!<\/p>\n<p>Durant la setmana vam preparar\u00a0<strong>PANELLETS<\/strong>\u00a0de tots els gustos: xocolata, coco, ametlla, codonyat\u2026 i tamb\u00e9 Monster Cookies!<\/p>\n<p>El dijous pel mat\u00ed vam passar pel\u00a0<em>terror\u00edfic<\/em>\u00a0<strong>TUNEL del TERROR\u00a0<\/strong>que les companyes i companys de 6\u00e8 ens havien preparat! Pel divendres al mat\u00ed, unes castanyeres i castanyers fant\u00e0stics van coure castanyes, i junts amb els infants de l\u2019Escoleta vam celebrar la <strong>CASTANYADA!<\/strong>\u00a0I\u00a0per la tarda, vam celebrar el\u00a0<strong>CAF\u00c8 de l\u2019ARTISTA !<\/strong><\/p>\n<p style=\"text-align: center;\"><em>Clica damunt dels elements per veure\u00a0<strong>FOTOS i V\u00cdDEOS<\/strong>!<\/em><\/p>\n<div style=\"position: relative; width: 100%; height: 0; padding-top: 125.0000%; padding-bottom: 0; box-shadow: 0 2px 8px 0 rgba(63,69,81,0.16); margin-top: 1.6em; margin-bottom: 0.9em; overflow: hidden; border-radius: 8px; will-change: transform;\"><iframe style=\"position: absolute; width: 100%; height: 100%; top: 0; left: 0; border: none; padding: 0; margin: 0;\" src=\"https:\/\/www.canva.com\/design\/DAG3pIvRYBs\/GjkKZAdR95aXczRiP3ownQ\/view?embed\" allowfullscreen=\"allowfullscreen\"><br \/>\n<\/iframe><\/div>\n<p><a href=\"https:\/\/www.canva.com\/design\/DAG3pIvRYBs\/GjkKZAdR95aXczRiP3ownQ\/view?utm_content=DAG3pIvRYBs&amp;utm_campaign=designshare&amp;utm_medium=embeds&amp;utm_source=link\" target=\"_blank\" rel=\"noopener\">CASTANYADA<\/a> de Escola Alfred Potrony<\/p>\n<p style=\"text-align: center;\"><em><strong>Molt\u00edssimes gr\u00e0cies a les fam\u00edlies col\u00b7laboradores!<\/strong><\/em><\/p>\n","protected":false},"excerpt":{"rendered":"<p>Amb la\u00a0TARDOR,\u00a0arriba la\u00a0CASTANYADA\u00a0a l\u2019escola!<br \/>\nDurant la setmana vam preparar\u00a0PANELLETS\u00a0de tots els gustos: xocolata, coco, ametlla, codonyat\u2026 i tamb\u00e9 Monster Cookies!<br \/>\nEl dijous pel mat\u00ed vam passar pel\u00a0terror\u00edfic\u00a0TUNEL del TERROR\u00a0que les companyes i companys de 6\u00e8 ens havien preparat! Pel divendres al mat\u00ed, unes castanyeres i castanyers fant\u00e0stics&hellip;  <a href=\"https:\/\/agora.xtec.cat\/escoladetermens\/infantil\/i3-i4\/castanyada-3\/\" title=\"Read CASTANYADA\">Llegeix m\u00e9s\u00bb<\/a><\/p>\n","protected":false},"author":1,"featured_media":0,"comment_status":"open","ping_status":"open","sticky":false,"template":"","format":"standard","meta":{"_bbp_topic_count":0,"_bbp_reply_count":0,"_bbp_total_topic_count":0,"_bbp_total_reply_count":0,"_bbp_voice_count":0,"_bbp_anonymous_reply_count":0,"_bbp_topic_count_hidden":0,"_bbp_reply_count_hidden":0,"_bbp_forum_subforum_count":0,"footnotes":""},"categories":[10,11,12,14,15,109,3,9,93,4],"tags":[],"class_list":["post-8885","post","type-post","status-publish","format-standard","hentry","category-2n","category-3r","category-4t","category-5e","category-6e","category-angles","category-i3-i4","category-i5","category-musica","category-portada"],"post_mailing_queue_ids":[],"_links":{"self":[{"href":"https:\/\/agora.xtec.cat\/escoladetermens\/wp-json\/wp\/v2\/posts\/8885","targetHints":{"allow":["GET"]}}],"collection":[{"href":"https:\/\/agora.xtec.cat\/escoladetermens\/wp-json\/wp\/v2\/posts"}],"about":[{"href":"https:\/\/agora.xtec.cat\/escoladetermens\/wp-json\/wp\/v2\/types\/post"}],"author":[{"embeddable":true,"href":"https:\/\/agora.xtec.cat\/escoladetermens\/wp-json\/wp\/v2\/users\/1"}],"replies":[{"embeddable":true,"href":"https:\/\/agora.xtec.cat\/escoladetermens\/wp-json\/wp\/v2\/comments?post=8885"}],"version-history":[{"count":2,"href":"https:\/\/agora.xtec.cat\/escoladetermens\/wp-json\/wp\/v2\/posts\/8885\/revisions"}],"predecessor-version":[{"id":8895,"href":"https:\/\/agora.xtec.cat\/escoladetermens\/wp-json\/wp\/v2\/posts\/8885\/revisions\/8895"}],"wp:attachment":[{"href":"https:\/\/agora.xtec.cat\/escoladetermens\/wp-json\/wp\/v2\/media?parent=8885"}],"wp:term":[{"taxonomy":"category","embeddable":true,"href":"https:\/\/agora.xtec.cat\/escoladetermens\/wp-json\/wp\/v2\/categories?post=8885"},{"taxonomy":"post_tag","embeddable":true,"href":"https:\/\/agora.xtec.cat\/escoladetermens\/wp-json\/wp\/v2\/tags?post=8885"}],"curies":[{"name":"wp","href":"https:\/\/api.w.org\/{rel}","templated":true}]}}