{"id":8756,"date":"2025-06-04T16:23:51","date_gmt":"2025-06-04T14:23:51","guid":{"rendered":"https:\/\/agora.xtec.cat\/escoladetermens\/?p=8756"},"modified":"2025-06-04T16:23:51","modified_gmt":"2025-06-04T14:23:51","slug":"tan-iguals-i-tan-diferents-dasun-iglesias","status":"publish","type":"post","link":"https:\/\/agora.xtec.cat\/escoladetermens\/portada\/tan-iguals-i-tan-diferents-dasun-iglesias\/","title":{"rendered":"Tan Iguals i Tan Diferents d&#8217;Asun Iglesias"},"content":{"rendered":"<p>Durant aquest trimestre, l&#8217;alumnat de C. Superior ha gaudit de la lectura <strong>&#8220;TAN IGUALS I TAN DIFERENTS&#8221;\u00a0 d&#8217;Asun Iglesias<\/strong>, i a m\u00e9s a m\u00e9s ha passat una bona estona amb la seva escriptora i amb un dels personantges.<\/p>\n<p>Aquesta hist\u00f2ria, basada en fets reals, ens transporta a l&#8217;allau d&#8217;emocions que viuen els nouvinguts, infants i adolescents, quan arriben al nostre pa\u00eds. I ens fa ser conscients de les seves pors, la seva tristesa&#8230;i tamb\u00e9 la r\u00e0bia, i la frustaci\u00f3 que senten perqu\u00e8 no entenen el m\u00f3n en el qual, d&#8217;un dia per l&#8217;altre, els toca viure. Tamb\u00e9 podem veure la reacci\u00f3 dels companys: molts pocs actuen amb empatia; la majoria ho fa amb indifer\u00e8ncia i alguns, fins i tot, amb viol\u00e8ncia, sigui f\u00edsica o verbal.<\/p>\n<p>Ha estat una gran oportunitat, escoltar de primera m\u00e0 als personatges reals, com escoltar a la seva escriptora.<\/p>\n<p style=\"text-align: center;\"><em>Clicar damunt portada!<\/em><\/p>\n<p><a href=\"https:\/\/photos.app.goo.gl\/senYK2BipbhemQPE9\"><img loading=\"lazy\" decoding=\"async\" class=\"aligncenter size-medium wp-image-8757\" src=\"https:\/\/agora.xtec.cat\/escoladetermens\/wp-content\/uploads\/usu1845\/2025\/06\/999-200x300.png\" alt=\"\" width=\"200\" height=\"300\" srcset=\"https:\/\/agora.xtec.cat\/escoladetermens\/wp-content\/uploads\/usu1845\/2025\/06\/999-200x300.png 200w, https:\/\/agora.xtec.cat\/escoladetermens\/wp-content\/uploads\/usu1845\/2025\/06\/999-682x1024.png 682w, https:\/\/agora.xtec.cat\/escoladetermens\/wp-content\/uploads\/usu1845\/2025\/06\/999.png 749w\" sizes=\"auto, (max-width: 200px) 100vw, 200px\" \/><\/a><\/p>\n<p>&nbsp;<\/p>\n","protected":false},"excerpt":{"rendered":"<p>Durant aquest trimestre, l&#8217;alumnat de C. Superior ha gaudit de la lectura &#8220;TAN IGUALS I TAN DIFERENTS&#8221;\u00a0 d&#8217;Asun Iglesias, i a m\u00e9s a m\u00e9s ha passat una bona estona amb la seva escriptora i amb un dels personantges.<br \/>\nAquesta hist\u00f2ria, basada en fets reals, ens transporta&hellip;  <a href=\"https:\/\/agora.xtec.cat\/escoladetermens\/portada\/tan-iguals-i-tan-diferents-dasun-iglesias\/\" title=\"Read Tan Iguals i Tan Diferents d&#8217;Asun Iglesias\">Llegeix m\u00e9s\u00bb<\/a><\/p>\n","protected":false},"author":1,"featured_media":0,"comment_status":"open","ping_status":"open","sticky":false,"template":"","format":"standard","meta":{"_bbp_topic_count":0,"_bbp_reply_count":0,"_bbp_total_topic_count":0,"_bbp_total_reply_count":0,"_bbp_voice_count":0,"_bbp_anonymous_reply_count":0,"_bbp_topic_count_hidden":0,"_bbp_reply_count_hidden":0,"_bbp_forum_subforum_count":0,"footnotes":""},"categories":[14,15,4],"tags":[],"class_list":["post-8756","post","type-post","status-publish","format-standard","hentry","category-5e","category-6e","category-portada"],"post_mailing_queue_ids":[],"_links":{"self":[{"href":"https:\/\/agora.xtec.cat\/escoladetermens\/wp-json\/wp\/v2\/posts\/8756","targetHints":{"allow":["GET"]}}],"collection":[{"href":"https:\/\/agora.xtec.cat\/escoladetermens\/wp-json\/wp\/v2\/posts"}],"about":[{"href":"https:\/\/agora.xtec.cat\/escoladetermens\/wp-json\/wp\/v2\/types\/post"}],"author":[{"embeddable":true,"href":"https:\/\/agora.xtec.cat\/escoladetermens\/wp-json\/wp\/v2\/users\/1"}],"replies":[{"embeddable":true,"href":"https:\/\/agora.xtec.cat\/escoladetermens\/wp-json\/wp\/v2\/comments?post=8756"}],"version-history":[{"count":1,"href":"https:\/\/agora.xtec.cat\/escoladetermens\/wp-json\/wp\/v2\/posts\/8756\/revisions"}],"predecessor-version":[{"id":8758,"href":"https:\/\/agora.xtec.cat\/escoladetermens\/wp-json\/wp\/v2\/posts\/8756\/revisions\/8758"}],"wp:attachment":[{"href":"https:\/\/agora.xtec.cat\/escoladetermens\/wp-json\/wp\/v2\/media?parent=8756"}],"wp:term":[{"taxonomy":"category","embeddable":true,"href":"https:\/\/agora.xtec.cat\/escoladetermens\/wp-json\/wp\/v2\/categories?post=8756"},{"taxonomy":"post_tag","embeddable":true,"href":"https:\/\/agora.xtec.cat\/escoladetermens\/wp-json\/wp\/v2\/tags?post=8756"}],"curies":[{"name":"wp","href":"https:\/\/api.w.org\/{rel}","templated":true}]}}