{"id":875,"date":"2018-09-21T12:55:20","date_gmt":"2018-09-21T10:55:20","guid":{"rendered":"http:\/\/agora.xtec.cat\/escoladetermens\/?p=875"},"modified":"2018-09-21T13:12:06","modified_gmt":"2018-09-21T11:12:06","slug":"radio-piruli","status":"publish","type":"post","link":"https:\/\/agora.xtec.cat\/escoladetermens\/general\/radio-piruli\/","title":{"rendered":"R\u00c0DIO PIRULI"},"content":{"rendered":"<p>Ja podeu sentir els dos programes de r\u00e0dio d&#8217;aquesta setmana. El dilluns van fer conversa el Pau i el Fernando de 6\u00e8 que ens van parlar d&#8217;un dia de platja.<\/p>\n<p>Aquest curs els locutors i els DJ seran els alumnes de 4t!!!<\/p>\n<p>I aquest divendres el Pau i la Carla de 4t han fet de DJ i la Iris i la Mireia de locutores.<\/p>\n<p>https:\/\/soundcloud.com\/escola-alfred-potrony\/21-9-18a\/s-qLjSJ<\/p>\n<p>https:\/\/soundcloud.com\/escola-alfred-potrony\/conversa-6e-pau-i-fernando\/s-dbDWS<\/p>\n","protected":false},"excerpt":{"rendered":"<p>Ja podeu sentir els dos programes de r\u00e0dio d&#8217;aquesta setmana. El dilluns van fer conversa el Pau i el Fernando de 6\u00e8 que ens van parlar d&#8217;un dia de platja.<br \/>\nAquest curs els locutors i els DJ seran els alumnes de 4t!!!<br \/>\nI aquest divendres el Pau&hellip;  <a href=\"https:\/\/agora.xtec.cat\/escoladetermens\/general\/radio-piruli\/\" title=\"Read R\u00c0DIO PIRULI\">Llegeix m\u00e9s\u00bb<\/a><\/p>\n","protected":false},"author":1,"featured_media":0,"comment_status":"open","ping_status":"closed","sticky":false,"template":"","format":"standard","meta":{"_bbp_topic_count":0,"_bbp_reply_count":0,"_bbp_total_topic_count":0,"_bbp_total_reply_count":0,"_bbp_voice_count":0,"_bbp_anonymous_reply_count":0,"_bbp_topic_count_hidden":0,"_bbp_reply_count_hidden":0,"_bbp_forum_subforum_count":0,"footnotes":""},"categories":[10,11,12,14,15,108,1,3,9,2,4,5],"tags":[133],"class_list":["post-875","post","type-post","status-publish","format-standard","hentry","category-2n","category-3r","category-4t","category-5e","category-6e","category-aula-carles-capdevila","category-general","category-i3-i4","category-i5","category-infantil","category-portada","category-primaria","tag-radio-piruli"],"post_mailing_queue_ids":[],"_links":{"self":[{"href":"https:\/\/agora.xtec.cat\/escoladetermens\/wp-json\/wp\/v2\/posts\/875","targetHints":{"allow":["GET"]}}],"collection":[{"href":"https:\/\/agora.xtec.cat\/escoladetermens\/wp-json\/wp\/v2\/posts"}],"about":[{"href":"https:\/\/agora.xtec.cat\/escoladetermens\/wp-json\/wp\/v2\/types\/post"}],"author":[{"embeddable":true,"href":"https:\/\/agora.xtec.cat\/escoladetermens\/wp-json\/wp\/v2\/users\/1"}],"replies":[{"embeddable":true,"href":"https:\/\/agora.xtec.cat\/escoladetermens\/wp-json\/wp\/v2\/comments?post=875"}],"version-history":[{"count":2,"href":"https:\/\/agora.xtec.cat\/escoladetermens\/wp-json\/wp\/v2\/posts\/875\/revisions"}],"predecessor-version":[{"id":877,"href":"https:\/\/agora.xtec.cat\/escoladetermens\/wp-json\/wp\/v2\/posts\/875\/revisions\/877"}],"wp:attachment":[{"href":"https:\/\/agora.xtec.cat\/escoladetermens\/wp-json\/wp\/v2\/media?parent=875"}],"wp:term":[{"taxonomy":"category","embeddable":true,"href":"https:\/\/agora.xtec.cat\/escoladetermens\/wp-json\/wp\/v2\/categories?post=875"},{"taxonomy":"post_tag","embeddable":true,"href":"https:\/\/agora.xtec.cat\/escoladetermens\/wp-json\/wp\/v2\/tags?post=875"}],"curies":[{"name":"wp","href":"https:\/\/api.w.org\/{rel}","templated":true}]}}