{"id":8736,"date":"2025-05-29T21:19:36","date_gmt":"2025-05-29T19:19:36","guid":{"rendered":"https:\/\/agora.xtec.cat\/escoladetermens\/?p=8736"},"modified":"2025-05-29T21:19:36","modified_gmt":"2025-05-29T19:19:36","slug":"biciescola-i-sortida-a-bellvis","status":"publish","type":"post","link":"https:\/\/agora.xtec.cat\/escoladetermens\/general\/biciescola-i-sortida-a-bellvis\/","title":{"rendered":"BICIESCOLA i sortida a Bellv\u00eds"},"content":{"rendered":"<p>Aquests darrers dies hem comen\u00e7at les classes amb bicicleta. Circuits pel pati, tallers de mec\u00e0nica i manteniment de la bici amb l&#8217;\u00c8ric, recorreguts pel poble i els voltants, excursions m\u00e9s llargues cap a alg\u00fan poble ve\u00ed&#8230; La bici ens posa en forma i ens permet practicar la coordinaci\u00f3 i sobretot l&#8217;equilibri, aix\u00ed com con\u00e8ixer i respectar les senyals de circulaci\u00f3. A cada excursi\u00f3 a m\u00e9s a m\u00e9s fem alguna parada per gaudir del nostre entorn m\u00e9s proper, la natura i els llocs emblem\u00e0tics, com les roquetes, el pou de les bruixes, la pedra del Sant Crist, el safareig&#8230; quantes coses, i qu\u00e8 divertides!!!<\/p>\n<p>Tamb\u00e9 hem fet amb l&#8217;alumnat de cicle mitj\u00e0 i superior una sortida llarga a Bellv\u00eds, all\u00ed la Srta. Pepita ens ha convidat a esmorzar i ens ha fet de guia tur\u00edstica. Hem anat a l&#8217;ermita de la Mare de D\u00e9u de les Sogues i al Tossal, antic convent, on uns Srs., molt amables membres del Patronat, ens han explicat tota la hist\u00f2ria d&#8217;aquest sorprenent lloc. Tamb\u00e9 ens hem refrescat for\u00e7a&#8230;. doncs feia molta calor!!!<\/p>\n<p>Sempre us ho dic&#8230; si alg\u00fa s&#8217;anima a acompanyar-nos, ja sabeu que hi esteu convidats!<\/p>\n<p><a href=\"https:\/\/photos.app.goo.gl\/MfEFvQLafDQfyHXi8\"><img loading=\"lazy\" decoding=\"async\" class=\"alignnone size-large wp-image-8737\" src=\"https:\/\/agora.xtec.cat\/escoladetermens\/wp-content\/uploads\/usu1845\/2025\/05\/IMG_20250520_162715-1-1024x576.jpg\" alt=\"\" width=\"1024\" height=\"576\" srcset=\"https:\/\/agora.xtec.cat\/escoladetermens\/wp-content\/uploads\/usu1845\/2025\/05\/IMG_20250520_162715-1-1024x576.jpg 1024w, https:\/\/agora.xtec.cat\/escoladetermens\/wp-content\/uploads\/usu1845\/2025\/05\/IMG_20250520_162715-1-300x169.jpg 300w, https:\/\/agora.xtec.cat\/escoladetermens\/wp-content\/uploads\/usu1845\/2025\/05\/IMG_20250520_162715-1-768x432.jpg 768w, https:\/\/agora.xtec.cat\/escoladetermens\/wp-content\/uploads\/usu1845\/2025\/05\/IMG_20250520_162715-1-1536x864.jpg 1536w, https:\/\/agora.xtec.cat\/escoladetermens\/wp-content\/uploads\/usu1845\/2025\/05\/IMG_20250520_162715-1-2048x1152.jpg 2048w\" sizes=\"auto, (max-width: 1024px) 100vw, 1024px\" \/><\/a><\/p>\n","protected":false},"excerpt":{"rendered":"<p>Aquests darrers dies hem comen\u00e7at les classes amb bicicleta. Circuits pel pati, tallers de mec\u00e0nica i manteniment de la bici amb l&#8217;\u00c8ric, recorreguts pel poble i els voltants, excursions m\u00e9s llargues cap a alg\u00fan poble ve\u00ed&#8230; La bici ens posa en forma i ens permet&hellip;  <a href=\"https:\/\/agora.xtec.cat\/escoladetermens\/general\/biciescola-i-sortida-a-bellvis\/\" title=\"Read BICIESCOLA i sortida a Bellv\u00eds\">Llegeix m\u00e9s\u00bb<\/a><\/p>\n","protected":false},"author":1,"featured_media":0,"comment_status":"open","ping_status":"closed","sticky":false,"template":"","format":"standard","meta":{"_bbp_topic_count":0,"_bbp_reply_count":0,"_bbp_total_topic_count":0,"_bbp_total_reply_count":0,"_bbp_voice_count":0,"_bbp_anonymous_reply_count":0,"_bbp_topic_count_hidden":0,"_bbp_reply_count_hidden":0,"_bbp_forum_subforum_count":0,"footnotes":""},"categories":[10,11,12,14,15,83,1,4,5],"tags":[],"class_list":["post-8736","post","type-post","status-publish","format-standard","hentry","category-2n","category-3r","category-4t","category-5e","category-6e","category-ed-fisica","category-general","category-portada","category-primaria"],"post_mailing_queue_ids":[],"_links":{"self":[{"href":"https:\/\/agora.xtec.cat\/escoladetermens\/wp-json\/wp\/v2\/posts\/8736","targetHints":{"allow":["GET"]}}],"collection":[{"href":"https:\/\/agora.xtec.cat\/escoladetermens\/wp-json\/wp\/v2\/posts"}],"about":[{"href":"https:\/\/agora.xtec.cat\/escoladetermens\/wp-json\/wp\/v2\/types\/post"}],"author":[{"embeddable":true,"href":"https:\/\/agora.xtec.cat\/escoladetermens\/wp-json\/wp\/v2\/users\/1"}],"replies":[{"embeddable":true,"href":"https:\/\/agora.xtec.cat\/escoladetermens\/wp-json\/wp\/v2\/comments?post=8736"}],"version-history":[{"count":2,"href":"https:\/\/agora.xtec.cat\/escoladetermens\/wp-json\/wp\/v2\/posts\/8736\/revisions"}],"predecessor-version":[{"id":8749,"href":"https:\/\/agora.xtec.cat\/escoladetermens\/wp-json\/wp\/v2\/posts\/8736\/revisions\/8749"}],"wp:attachment":[{"href":"https:\/\/agora.xtec.cat\/escoladetermens\/wp-json\/wp\/v2\/media?parent=8736"}],"wp:term":[{"taxonomy":"category","embeddable":true,"href":"https:\/\/agora.xtec.cat\/escoladetermens\/wp-json\/wp\/v2\/categories?post=8736"},{"taxonomy":"post_tag","embeddable":true,"href":"https:\/\/agora.xtec.cat\/escoladetermens\/wp-json\/wp\/v2\/tags?post=8736"}],"curies":[{"name":"wp","href":"https:\/\/api.w.org\/{rel}","templated":true}]}}