{"id":8649,"date":"2025-04-11T10:26:18","date_gmt":"2025-04-11T08:26:18","guid":{"rendered":"https:\/\/agora.xtec.cat\/escoladetermens\/?p=8649"},"modified":"2025-04-11T10:26:18","modified_gmt":"2025-04-11T08:26:18","slug":"dia-mundial-de-lactivitat-fisica-2","status":"publish","type":"post","link":"https:\/\/agora.xtec.cat\/escoladetermens\/general\/dia-mundial-de-lactivitat-fisica-2\/","title":{"rendered":"Dia Mundial de l&#8217;Activitat F\u00edsica"},"content":{"rendered":"<p>Hem celebrat el Dia Mundial de l&#8217;Activitat F\u00edsica al carrer!<\/p>\n<p>A la Pla\u00e7a Catalunya vam practicar diferents jocs tradicionals: el tel\u00e8fon, la bomba, el joc de les cadires, pedra, paper, tisora, la corda crema, 1, 2, 3, pica paret i les ast\u00e0tues musicals. A continuaci\u00f3 l&#8217;alumnat ca llegir el manifast i ens van donar 10 trucs per estar actius i en forma. &#8211; Tot pas compta! &#8211; Tot moviment compta! &#8211; i, Cada minut compta!.<\/p>\n<p>Finalment al pati de l&#8217;escola varem pintar el lema &#8220;\u00c9s temps de moure&#8217;s&#8221; entre tots els infants.<\/p>\n<p>Va estar un dia bonic que ens va fer reflexionar sobre la import\u00e0ncia de tenir un estil de vida f\u00edsicament actiu, per aconseguir millor benestar, salut f\u00edsica i mental i prevenir malalties. Tamb\u00e9 per tenir millors relacions socials i valors positius.<\/p>\n<p>Us animen a fer activitat f\u00edsica tot l&#8217;any en benefici de la vostra salut!<\/p>\n<p><a href=\"https:\/\/photos.app.goo.gl\/HuMpAXAA2TbVJjhE9\"><img loading=\"lazy\" decoding=\"async\" class=\"alignnone size-large wp-image-8651\" src=\"https:\/\/agora.xtec.cat\/escoladetermens\/wp-content\/uploads\/usu1845\/2025\/04\/IMG_3387-1024x768.jpg\" alt=\"\" width=\"1024\" height=\"768\" srcset=\"https:\/\/agora.xtec.cat\/escoladetermens\/wp-content\/uploads\/usu1845\/2025\/04\/IMG_3387-1024x768.jpg 1024w, https:\/\/agora.xtec.cat\/escoladetermens\/wp-content\/uploads\/usu1845\/2025\/04\/IMG_3387-300x225.jpg 300w, https:\/\/agora.xtec.cat\/escoladetermens\/wp-content\/uploads\/usu1845\/2025\/04\/IMG_3387-768x576.jpg 768w, https:\/\/agora.xtec.cat\/escoladetermens\/wp-content\/uploads\/usu1845\/2025\/04\/IMG_3387-1536x1152.jpg 1536w, https:\/\/agora.xtec.cat\/escoladetermens\/wp-content\/uploads\/usu1845\/2025\/04\/IMG_3387-2048x1536.jpg 2048w, https:\/\/agora.xtec.cat\/escoladetermens\/wp-content\/uploads\/usu1845\/2025\/04\/IMG_3387-200x150.jpg 200w\" sizes=\"auto, (max-width: 1024px) 100vw, 1024px\" \/><\/a><\/p>\n","protected":false},"excerpt":{"rendered":"<p>Hem celebrat el Dia Mundial de l&#8217;Activitat F\u00edsica al carrer!<br \/>\nA la Pla\u00e7a Catalunya vam practicar diferents jocs tradicionals: el tel\u00e8fon, la bomba, el joc de les cadires, pedra, paper, tisora, la corda crema, 1, 2, 3, pica paret i les ast\u00e0tues musicals. A continuaci\u00f3 l&#8217;alumnat&hellip;  <a href=\"https:\/\/agora.xtec.cat\/escoladetermens\/general\/dia-mundial-de-lactivitat-fisica-2\/\" title=\"Read Dia Mundial de l&#8217;Activitat F\u00edsica\">Llegeix m\u00e9s\u00bb<\/a><\/p>\n","protected":false},"author":1,"featured_media":0,"comment_status":"open","ping_status":"closed","sticky":false,"template":"","format":"standard","meta":{"_bbp_topic_count":0,"_bbp_reply_count":0,"_bbp_total_topic_count":0,"_bbp_total_reply_count":0,"_bbp_voice_count":0,"_bbp_anonymous_reply_count":0,"_bbp_topic_count_hidden":0,"_bbp_reply_count_hidden":0,"_bbp_forum_subforum_count":0,"footnotes":""},"categories":[10,11,12,14,15,83,1,3,9,2,4,5],"tags":[],"class_list":["post-8649","post","type-post","status-publish","format-standard","hentry","category-2n","category-3r","category-4t","category-5e","category-6e","category-ed-fisica","category-general","category-i3-i4","category-i5","category-infantil","category-portada","category-primaria"],"post_mailing_queue_ids":[],"_links":{"self":[{"href":"https:\/\/agora.xtec.cat\/escoladetermens\/wp-json\/wp\/v2\/posts\/8649","targetHints":{"allow":["GET"]}}],"collection":[{"href":"https:\/\/agora.xtec.cat\/escoladetermens\/wp-json\/wp\/v2\/posts"}],"about":[{"href":"https:\/\/agora.xtec.cat\/escoladetermens\/wp-json\/wp\/v2\/types\/post"}],"author":[{"embeddable":true,"href":"https:\/\/agora.xtec.cat\/escoladetermens\/wp-json\/wp\/v2\/users\/1"}],"replies":[{"embeddable":true,"href":"https:\/\/agora.xtec.cat\/escoladetermens\/wp-json\/wp\/v2\/comments?post=8649"}],"version-history":[{"count":1,"href":"https:\/\/agora.xtec.cat\/escoladetermens\/wp-json\/wp\/v2\/posts\/8649\/revisions"}],"predecessor-version":[{"id":8652,"href":"https:\/\/agora.xtec.cat\/escoladetermens\/wp-json\/wp\/v2\/posts\/8649\/revisions\/8652"}],"wp:attachment":[{"href":"https:\/\/agora.xtec.cat\/escoladetermens\/wp-json\/wp\/v2\/media?parent=8649"}],"wp:term":[{"taxonomy":"category","embeddable":true,"href":"https:\/\/agora.xtec.cat\/escoladetermens\/wp-json\/wp\/v2\/categories?post=8649"},{"taxonomy":"post_tag","embeddable":true,"href":"https:\/\/agora.xtec.cat\/escoladetermens\/wp-json\/wp\/v2\/tags?post=8649"}],"curies":[{"name":"wp","href":"https:\/\/api.w.org\/{rel}","templated":true}]}}