{"id":8613,"date":"2025-03-25T16:53:10","date_gmt":"2025-03-25T15:53:10","guid":{"rendered":"https:\/\/agora.xtec.cat\/escoladetermens\/?p=8613"},"modified":"2025-03-25T16:53:10","modified_gmt":"2025-03-25T15:53:10","slug":"termenstv-programa-no-4","status":"publish","type":"post","link":"https:\/\/agora.xtec.cat\/escoladetermens\/portada\/termenstv-programa-no-4\/","title":{"rendered":"TERMENSTV-Programa n\u00ba 4"},"content":{"rendered":"<p>Bona tarda fam\u00edlies!!!. Una vegada ja creat us portem un nou programa de T\u00e9rmensTV\u2764.Per aquest hem preparat molts i molts continguts que segur us agradaran : Projecte Interdisciplinari, Taller Fam\u00edlies, Col\u00f2nies i m\u00e9s sorpreses!. Que gaudiu del programa!!\ud83d\ude0d.<br \/>\n<iframe loading=\"lazy\" title=\"T\u00e9rmensTV Programa n\u00ba4\" width=\"500\" height=\"281\" src=\"https:\/\/www.youtube.com\/embed\/qEJp3gWgBg0?feature=oembed\" frameborder=\"0\" allow=\"accelerometer; autoplay; clipboard-write; encrypted-media; gyroscope; picture-in-picture; web-share\" referrerpolicy=\"strict-origin-when-cross-origin\" allowfullscreen><\/iframe><\/p>\n","protected":false},"excerpt":{"rendered":"<p>Bona tarda fam\u00edlies!!!. Una vegada ja creat us portem un nou programa de T\u00e9rmensTV\u2764.Per aquest hem preparat molts i molts continguts que segur us agradaran : Projecte Interdisciplinari, Taller Fam\u00edlies, Col\u00f2nies i m\u00e9s sorpreses!. Que gaudiu del programa!!\ud83d\ude0d.<\/p>\n","protected":false},"author":18,"featured_media":0,"comment_status":"open","ping_status":"closed","sticky":false,"template":"","format":"standard","meta":{"_bbp_topic_count":0,"_bbp_reply_count":0,"_bbp_total_topic_count":0,"_bbp_total_reply_count":0,"_bbp_voice_count":0,"_bbp_anonymous_reply_count":0,"_bbp_topic_count_hidden":0,"_bbp_reply_count_hidden":0,"_bbp_forum_subforum_count":0,"footnotes":""},"categories":[4,413],"tags":[402,412,419],"class_list":["post-8613","post","type-post","status-publish","format-standard","hentry","category-portada","category-termenstv","tag-canaldereporters","tag-termenstv","tag-419"],"post_mailing_queue_ids":[],"_links":{"self":[{"href":"https:\/\/agora.xtec.cat\/escoladetermens\/wp-json\/wp\/v2\/posts\/8613","targetHints":{"allow":["GET"]}}],"collection":[{"href":"https:\/\/agora.xtec.cat\/escoladetermens\/wp-json\/wp\/v2\/posts"}],"about":[{"href":"https:\/\/agora.xtec.cat\/escoladetermens\/wp-json\/wp\/v2\/types\/post"}],"author":[{"embeddable":true,"href":"https:\/\/agora.xtec.cat\/escoladetermens\/wp-json\/wp\/v2\/users\/18"}],"replies":[{"embeddable":true,"href":"https:\/\/agora.xtec.cat\/escoladetermens\/wp-json\/wp\/v2\/comments?post=8613"}],"version-history":[{"count":1,"href":"https:\/\/agora.xtec.cat\/escoladetermens\/wp-json\/wp\/v2\/posts\/8613\/revisions"}],"predecessor-version":[{"id":8614,"href":"https:\/\/agora.xtec.cat\/escoladetermens\/wp-json\/wp\/v2\/posts\/8613\/revisions\/8614"}],"wp:attachment":[{"href":"https:\/\/agora.xtec.cat\/escoladetermens\/wp-json\/wp\/v2\/media?parent=8613"}],"wp:term":[{"taxonomy":"category","embeddable":true,"href":"https:\/\/agora.xtec.cat\/escoladetermens\/wp-json\/wp\/v2\/categories?post=8613"},{"taxonomy":"post_tag","embeddable":true,"href":"https:\/\/agora.xtec.cat\/escoladetermens\/wp-json\/wp\/v2\/tags?post=8613"}],"curies":[{"name":"wp","href":"https:\/\/api.w.org\/{rel}","templated":true}]}}