{"id":8602,"date":"2025-03-20T13:44:56","date_gmt":"2025-03-20T12:44:56","guid":{"rendered":"https:\/\/agora.xtec.cat\/escoladetermens\/?p=8602"},"modified":"2025-03-21T13:47:56","modified_gmt":"2025-03-21T12:47:56","slug":"trobada-esportiva-amb-lalumnat-de-cicle-mitja","status":"publish","type":"post","link":"https:\/\/agora.xtec.cat\/escoladetermens\/general\/trobada-esportiva-amb-lalumnat-de-cicle-mitja\/","title":{"rendered":"Trobada esportiva amb l&#8217;alumnat de cicle mitj\u00e0"},"content":{"rendered":"<p>El dimecres 19 de mar\u00e7 varem anar a Balaguer a la Trobada Esportiva d&#8217;escoles rurals amb l&#8217;alumnat de cicle mitj\u00e0.<\/p>\n<p>Varem con\u00e8ixer nens i nenes d&#8217;altres pobles i vam practicar jocs tradicionals, diferents i molt divertits, com saltar a corda, la corda crema, cursa de sacs, estirar la corda, Oh my good!, circuit de xapes, patacons, tres amb ratlla, cara i creu, la cadena, futbol &#8211; frisby, entre molts altres.<\/p>\n<p>L&#8217;alumnat de l&#8217;escola Estel ens va rebre amb un espectacle de batukada. Ho fan genial!<\/p>\n<p>Ens ho vam passar molt b\u00e9 i vam compartir moments molt divertits. <a href=\"https:\/\/photos.app.goo.gl\/QGWUwtCSAzVMsWjx8\">Mireu les fotos<\/a>!<\/p>\n<p><a href=\"https:\/\/photos.app.goo.gl\/QGWUwtCSAzVMsWjx8\"><img loading=\"lazy\" decoding=\"async\" class=\"aligncenter wp-image-8603 size-large\" src=\"https:\/\/agora.xtec.cat\/escoladetermens\/wp-content\/uploads\/usu1845\/2025\/03\/IMG_20250319_105936-576x1024.jpg\" alt=\"\" width=\"576\" height=\"1024\" srcset=\"https:\/\/agora.xtec.cat\/escoladetermens\/wp-content\/uploads\/usu1845\/2025\/03\/IMG_20250319_105936-576x1024.jpg 576w, https:\/\/agora.xtec.cat\/escoladetermens\/wp-content\/uploads\/usu1845\/2025\/03\/IMG_20250319_105936-169x300.jpg 169w, https:\/\/agora.xtec.cat\/escoladetermens\/wp-content\/uploads\/usu1845\/2025\/03\/IMG_20250319_105936-768x1365.jpg 768w, https:\/\/agora.xtec.cat\/escoladetermens\/wp-content\/uploads\/usu1845\/2025\/03\/IMG_20250319_105936-864x1536.jpg 864w, https:\/\/agora.xtec.cat\/escoladetermens\/wp-content\/uploads\/usu1845\/2025\/03\/IMG_20250319_105936-1152x2048.jpg 1152w, https:\/\/agora.xtec.cat\/escoladetermens\/wp-content\/uploads\/usu1845\/2025\/03\/IMG_20250319_105936-scaled.jpg 1440w\" sizes=\"auto, (max-width: 576px) 100vw, 576px\" \/><\/a><\/p>\n","protected":false},"excerpt":{"rendered":"<p>El dimecres 19 de mar\u00e7 varem anar a Balaguer a la Trobada Esportiva d&#8217;escoles rurals amb l&#8217;alumnat de cicle mitj\u00e0.<br \/>\nVarem con\u00e8ixer nens i nenes d&#8217;altres pobles i vam practicar jocs tradicionals, diferents i molt divertits, com saltar a corda, la corda crema, cursa de sacs,&hellip;  <a href=\"https:\/\/agora.xtec.cat\/escoladetermens\/general\/trobada-esportiva-amb-lalumnat-de-cicle-mitja\/\" title=\"Read Trobada esportiva amb l&#8217;alumnat de cicle mitj\u00e0\">Llegeix m\u00e9s\u00bb<\/a><\/p>\n","protected":false},"author":1,"featured_media":0,"comment_status":"open","ping_status":"closed","sticky":false,"template":"","format":"standard","meta":{"_bbp_topic_count":0,"_bbp_reply_count":0,"_bbp_total_topic_count":0,"_bbp_total_reply_count":0,"_bbp_voice_count":0,"_bbp_anonymous_reply_count":0,"_bbp_topic_count_hidden":0,"_bbp_reply_count_hidden":0,"_bbp_forum_subforum_count":0,"footnotes":""},"categories":[12,83,1,4,5],"tags":[],"class_list":["post-8602","post","type-post","status-publish","format-standard","hentry","category-4t","category-ed-fisica","category-general","category-portada","category-primaria"],"post_mailing_queue_ids":[],"_links":{"self":[{"href":"https:\/\/agora.xtec.cat\/escoladetermens\/wp-json\/wp\/v2\/posts\/8602","targetHints":{"allow":["GET"]}}],"collection":[{"href":"https:\/\/agora.xtec.cat\/escoladetermens\/wp-json\/wp\/v2\/posts"}],"about":[{"href":"https:\/\/agora.xtec.cat\/escoladetermens\/wp-json\/wp\/v2\/types\/post"}],"author":[{"embeddable":true,"href":"https:\/\/agora.xtec.cat\/escoladetermens\/wp-json\/wp\/v2\/users\/1"}],"replies":[{"embeddable":true,"href":"https:\/\/agora.xtec.cat\/escoladetermens\/wp-json\/wp\/v2\/comments?post=8602"}],"version-history":[{"count":3,"href":"https:\/\/agora.xtec.cat\/escoladetermens\/wp-json\/wp\/v2\/posts\/8602\/revisions"}],"predecessor-version":[{"id":8606,"href":"https:\/\/agora.xtec.cat\/escoladetermens\/wp-json\/wp\/v2\/posts\/8602\/revisions\/8606"}],"wp:attachment":[{"href":"https:\/\/agora.xtec.cat\/escoladetermens\/wp-json\/wp\/v2\/media?parent=8602"}],"wp:term":[{"taxonomy":"category","embeddable":true,"href":"https:\/\/agora.xtec.cat\/escoladetermens\/wp-json\/wp\/v2\/categories?post=8602"},{"taxonomy":"post_tag","embeddable":true,"href":"https:\/\/agora.xtec.cat\/escoladetermens\/wp-json\/wp\/v2\/tags?post=8602"}],"curies":[{"name":"wp","href":"https:\/\/api.w.org\/{rel}","templated":true}]}}