{"id":8595,"date":"2025-03-19T16:40:42","date_gmt":"2025-03-19T15:40:42","guid":{"rendered":"https:\/\/agora.xtec.cat\/escoladetermens\/?p=8595"},"modified":"2025-03-19T16:42:48","modified_gmt":"2025-03-19T15:42:48","slug":"celebracio-xxi-certamen-lectura-en-veu-alta","status":"publish","type":"post","link":"https:\/\/agora.xtec.cat\/escoladetermens\/general\/celebracio-xxi-certamen-lectura-en-veu-alta\/","title":{"rendered":"Celebraci\u00f3 XXI Certamen Lectura en Veu Alta"},"content":{"rendered":"<p>La Fundaci\u00f3 Enciclop\u00e8dia Catalana i el Departament d\u2019Educaci\u00f3 de la Generalitat de Catalunya organitzen el<strong> XXI <\/strong><strong>Certamen Nacional Infantil I Juvenil de Lectura en Veu Alta<\/strong>.<\/p>\n<p>Aquest <strong>dijous 13 de mar\u00e7<\/strong> s&#8217;ha celebrat les <strong>semifinals de la Noguera<\/strong> al teatre municipal de <strong>Balaguer<\/strong>, participant per <strong>C. Mitj\u00e0: Yassir Boz Bouhmouch (4t) i Bruna Trullols Josa (4t Suplent) i per C. Superior: Marc Balaguer Esteve (6\u00e8) i Yasmin Boz Bouhmouch (6\u00e8 Suplent).<\/strong><\/p>\n<p>Cada any \u00e9s una satisfacci\u00f3 poder participar en aquest certamen, tot i no aconseguir arribar a la final.<\/p>\n<p style=\"text-align: center;\"><em>Clica damunt de la foto, i podr\u00e0s gaudir d&#8217;aquest magn\u00edfic acte!!!<\/em><\/p>\n<p><a href=\"https:\/\/photos.app.goo.gl\/fKh5nPFs7UYZKXET7\"><img loading=\"lazy\" decoding=\"async\" class=\"aligncenter size-medium wp-image-8598\" src=\"https:\/\/agora.xtec.cat\/escoladetermens\/wp-content\/uploads\/usu1845\/2025\/03\/WhatsApp-Image-2025-03-19-at-15.59.49-300x135.jpeg\" alt=\"\" width=\"300\" height=\"135\" srcset=\"https:\/\/agora.xtec.cat\/escoladetermens\/wp-content\/uploads\/usu1845\/2025\/03\/WhatsApp-Image-2025-03-19-at-15.59.49-300x135.jpeg 300w, https:\/\/agora.xtec.cat\/escoladetermens\/wp-content\/uploads\/usu1845\/2025\/03\/WhatsApp-Image-2025-03-19-at-15.59.49-1024x461.jpeg 1024w, https:\/\/agora.xtec.cat\/escoladetermens\/wp-content\/uploads\/usu1845\/2025\/03\/WhatsApp-Image-2025-03-19-at-15.59.49-768x346.jpeg 768w, https:\/\/agora.xtec.cat\/escoladetermens\/wp-content\/uploads\/usu1845\/2025\/03\/WhatsApp-Image-2025-03-19-at-15.59.49-1536x691.jpeg 1536w, https:\/\/agora.xtec.cat\/escoladetermens\/wp-content\/uploads\/usu1845\/2025\/03\/WhatsApp-Image-2025-03-19-at-15.59.49.jpeg 1600w\" sizes=\"auto, (max-width: 300px) 100vw, 300px\" \/><\/a><\/p>\n","protected":false},"excerpt":{"rendered":"<p>La Fundaci\u00f3 Enciclop\u00e8dia Catalana i el Departament d\u2019Educaci\u00f3 de la Generalitat de Catalunya organitzen el XXI Certamen Nacional Infantil I Juvenil de Lectura en Veu Alta.<br \/>\nAquest dijous 13 de mar\u00e7 s&#8217;ha celebrat les semifinals de la Noguera al teatre municipal de Balaguer, participant per C.&hellip;  <a href=\"https:\/\/agora.xtec.cat\/escoladetermens\/general\/celebracio-xxi-certamen-lectura-en-veu-alta\/\" title=\"Read Celebraci\u00f3 XXI Certamen Lectura en Veu Alta\">Llegeix m\u00e9s\u00bb<\/a><\/p>\n","protected":false},"author":1,"featured_media":0,"comment_status":"open","ping_status":"closed","sticky":false,"template":"","format":"standard","meta":{"_bbp_topic_count":0,"_bbp_reply_count":0,"_bbp_total_topic_count":0,"_bbp_total_reply_count":0,"_bbp_voice_count":0,"_bbp_anonymous_reply_count":0,"_bbp_topic_count_hidden":0,"_bbp_reply_count_hidden":0,"_bbp_forum_subforum_count":0,"footnotes":""},"categories":[12,14,15,1,343,4],"tags":[],"class_list":["post-8595","post","type-post","status-publish","format-standard","hentry","category-4t","category-5e","category-6e","category-general","category-lescola-llegeix","category-portada"],"post_mailing_queue_ids":[],"_links":{"self":[{"href":"https:\/\/agora.xtec.cat\/escoladetermens\/wp-json\/wp\/v2\/posts\/8595","targetHints":{"allow":["GET"]}}],"collection":[{"href":"https:\/\/agora.xtec.cat\/escoladetermens\/wp-json\/wp\/v2\/posts"}],"about":[{"href":"https:\/\/agora.xtec.cat\/escoladetermens\/wp-json\/wp\/v2\/types\/post"}],"author":[{"embeddable":true,"href":"https:\/\/agora.xtec.cat\/escoladetermens\/wp-json\/wp\/v2\/users\/1"}],"replies":[{"embeddable":true,"href":"https:\/\/agora.xtec.cat\/escoladetermens\/wp-json\/wp\/v2\/comments?post=8595"}],"version-history":[{"count":3,"href":"https:\/\/agora.xtec.cat\/escoladetermens\/wp-json\/wp\/v2\/posts\/8595\/revisions"}],"predecessor-version":[{"id":8600,"href":"https:\/\/agora.xtec.cat\/escoladetermens\/wp-json\/wp\/v2\/posts\/8595\/revisions\/8600"}],"wp:attachment":[{"href":"https:\/\/agora.xtec.cat\/escoladetermens\/wp-json\/wp\/v2\/media?parent=8595"}],"wp:term":[{"taxonomy":"category","embeddable":true,"href":"https:\/\/agora.xtec.cat\/escoladetermens\/wp-json\/wp\/v2\/categories?post=8595"},{"taxonomy":"post_tag","embeddable":true,"href":"https:\/\/agora.xtec.cat\/escoladetermens\/wp-json\/wp\/v2\/tags?post=8595"}],"curies":[{"name":"wp","href":"https:\/\/api.w.org\/{rel}","templated":true}]}}