{"id":8393,"date":"2024-12-12T13:30:36","date_gmt":"2024-12-12T12:30:36","guid":{"rendered":"https:\/\/agora.xtec.cat\/escoladetermens\/?p=8393"},"modified":"2024-12-12T13:32:48","modified_gmt":"2024-12-12T12:32:48","slug":"termens-tv-de-la-pissarra-a-la-pantalla","status":"publish","type":"post","link":"https:\/\/agora.xtec.cat\/escoladetermens\/portada\/termens-tv-de-la-pissarra-a-la-pantalla\/","title":{"rendered":"T\u00c9RMENS TV: \u00a1De la pissarra a la pantalla!"},"content":{"rendered":"<p>Veieu la not\u00edcia a <strong>Balaguer TV<\/strong> del dia de la inauguraci\u00f3 de la nostra Televisi\u00f3 escolar: <span style=\"color: #ff0000;\"><strong>&#8220;T\u00e9rmens TV&#8221; <\/strong><span style=\"color: #000000;\">amb la pres\u00e8ncia de la Sra. Montse Castany<\/span><\/span>. Va ser tot un \u00e8xit!\u2764<\/p>\n<blockquote class=\"wp-embedded-content\" data-secret=\"5SYblkd64t\"><p><a href=\"https:\/\/www.balaguer.tv\/de-la-pissarra-a-la-pantalla\/\">De la pissarra a la pantalla<\/a><\/p><\/blockquote>\n<p><iframe loading=\"lazy\" class=\"wp-embedded-content\" sandbox=\"allow-scripts\" security=\"restricted\" style=\"position: absolute; clip: rect(1px, 1px, 1px, 1px);\" title=\"&#8220;De la pissarra a la pantalla&#8221; &#8212; Balaguer Televisi\u00f3\" src=\"https:\/\/www.balaguer.tv\/de-la-pissarra-a-la-pantalla\/embed\/#?secret=5SYblkd64t\" data-secret=\"5SYblkd64t\" width=\"500\" height=\"282\" frameborder=\"0\" marginwidth=\"0\" marginheight=\"0\" scrolling=\"no\"><\/iframe><\/p>\n<p>&nbsp;<\/p>\n<p>I aqu\u00ed podeu veure el retall de la connexi\u00f3 en directe a <span style=\"color: #ff0000;\"><strong>Lleida TV.<\/strong><\/span> En el programa <strong>&#8220;Lleida connecta Pirineus&#8221;<\/strong><\/p>\n<blockquote class=\"wp-embedded-content\" data-secret=\"mwZnoX2GLf\"><p><a href=\"https:\/\/www.balaguer.tv\/parlem-amb-els-protagonistes-de-termens-tv\/\">Parlem amb els protagonistes de T\u00e9rmens TV<\/a><\/p><\/blockquote>\n<p><iframe loading=\"lazy\" class=\"wp-embedded-content\" sandbox=\"allow-scripts\" security=\"restricted\" style=\"position: absolute; clip: rect(1px, 1px, 1px, 1px);\" title=\"&#8220;Parlem amb els protagonistes de T\u00e9rmens TV&#8221; &#8212; Balaguer Televisi\u00f3\" src=\"https:\/\/www.balaguer.tv\/parlem-amb-els-protagonistes-de-termens-tv\/embed\/#?secret=mwZnoX2GLf\" data-secret=\"mwZnoX2GLf\" width=\"500\" height=\"282\" frameborder=\"0\" marginwidth=\"0\" marginheight=\"0\" scrolling=\"no\"><\/iframe><\/p>\n<p>&nbsp;<\/p>\n","protected":false},"excerpt":{"rendered":"<p>Veieu la not\u00edcia a Balaguer TV del dia de la inauguraci\u00f3 de la nostra Televisi\u00f3 escolar: &#8220;T\u00e9rmens TV&#8221; amb la pres\u00e8ncia de la Sra. Montse Castany. Va ser tot un \u00e8xit!\u2764<br \/>\n<a href=\"https:\/\/www.balaguer.tv\/de-la-pissarra-a-la-pantalla\/\">De la pissarra a la pantalla<\/a><\/p>\n<p>&nbsp;<br \/>\nI aqu\u00ed podeu veure el retall de la connexi\u00f3&hellip;  <a href=\"https:\/\/agora.xtec.cat\/escoladetermens\/portada\/termens-tv-de-la-pissarra-a-la-pantalla\/\" title=\"Read T\u00c9RMENS TV: \u00a1De la pissarra a la pantalla!\">Llegeix m\u00e9s\u00bb<\/a><\/p>\n","protected":false},"author":18,"featured_media":0,"comment_status":"open","ping_status":"closed","sticky":false,"template":"","format":"standard","meta":{"_bbp_topic_count":0,"_bbp_reply_count":0,"_bbp_total_topic_count":0,"_bbp_total_reply_count":0,"_bbp_voice_count":0,"_bbp_anonymous_reply_count":0,"_bbp_topic_count_hidden":0,"_bbp_reply_count_hidden":0,"_bbp_forum_subforum_count":0,"footnotes":""},"categories":[347,4,413],"tags":[402,412],"class_list":["post-8393","post","type-post","status-publish","format-standard","hentry","category-cultura-digital","category-portada","category-termenstv","tag-canaldereporters","tag-termenstv"],"post_mailing_queue_ids":[],"_links":{"self":[{"href":"https:\/\/agora.xtec.cat\/escoladetermens\/wp-json\/wp\/v2\/posts\/8393","targetHints":{"allow":["GET"]}}],"collection":[{"href":"https:\/\/agora.xtec.cat\/escoladetermens\/wp-json\/wp\/v2\/posts"}],"about":[{"href":"https:\/\/agora.xtec.cat\/escoladetermens\/wp-json\/wp\/v2\/types\/post"}],"author":[{"embeddable":true,"href":"https:\/\/agora.xtec.cat\/escoladetermens\/wp-json\/wp\/v2\/users\/18"}],"replies":[{"embeddable":true,"href":"https:\/\/agora.xtec.cat\/escoladetermens\/wp-json\/wp\/v2\/comments?post=8393"}],"version-history":[{"count":1,"href":"https:\/\/agora.xtec.cat\/escoladetermens\/wp-json\/wp\/v2\/posts\/8393\/revisions"}],"predecessor-version":[{"id":8394,"href":"https:\/\/agora.xtec.cat\/escoladetermens\/wp-json\/wp\/v2\/posts\/8393\/revisions\/8394"}],"wp:attachment":[{"href":"https:\/\/agora.xtec.cat\/escoladetermens\/wp-json\/wp\/v2\/media?parent=8393"}],"wp:term":[{"taxonomy":"category","embeddable":true,"href":"https:\/\/agora.xtec.cat\/escoladetermens\/wp-json\/wp\/v2\/categories?post=8393"},{"taxonomy":"post_tag","embeddable":true,"href":"https:\/\/agora.xtec.cat\/escoladetermens\/wp-json\/wp\/v2\/tags?post=8393"}],"curies":[{"name":"wp","href":"https:\/\/api.w.org\/{rel}","templated":true}]}}