{"id":8309,"date":"2024-11-19T10:48:39","date_gmt":"2024-11-19T09:48:39","guid":{"rendered":"https:\/\/agora.xtec.cat\/escoladetermens\/?p=8309"},"modified":"2024-11-19T10:48:39","modified_gmt":"2024-11-19T09:48:39","slug":"anem-al-gimnas","status":"publish","type":"post","link":"https:\/\/agora.xtec.cat\/escoladetermens\/general\/anem-al-gimnas\/","title":{"rendered":"Anem al gimn\u00e0s!"},"content":{"rendered":"<p>El Dani ens ha fet un recorregut per totes les m\u00e0quines i sales que hi ha al gimn\u00e0s del poble, i la Marian ens ha fet un circuit super xulo per treballar la for\u00e7a. Tamb\u00e9 ens hem estirat amb les pilotes grans i hem pedalat una mica amb les bicis. Tota una experi\u00e8ncia que ens ha fet pensar en la import\u00e0ncia de treballar el nostre cos i mantenir la forma.<\/p>\n<p>A m\u00e9s hem descobert un espai del poble que ens facilita i ens dona la possibilitat de posar-nos en forma ara que ja ens comencem a fer una mica m\u00e9s grans.<\/p>\n<p><a href=\"https:\/\/photos.app.goo.gl\/1Be4WZuyLD5zFwnK7\"><img loading=\"lazy\" decoding=\"async\" class=\"alignnone size-large wp-image-8310\" src=\"https:\/\/agora.xtec.cat\/escoladetermens\/wp-content\/uploads\/usu1845\/2024\/11\/IMG_20241118_153944-1024x461.jpg\" alt=\"\" width=\"1024\" height=\"461\" srcset=\"https:\/\/agora.xtec.cat\/escoladetermens\/wp-content\/uploads\/usu1845\/2024\/11\/IMG_20241118_153944-1024x461.jpg 1024w, https:\/\/agora.xtec.cat\/escoladetermens\/wp-content\/uploads\/usu1845\/2024\/11\/IMG_20241118_153944-300x135.jpg 300w, https:\/\/agora.xtec.cat\/escoladetermens\/wp-content\/uploads\/usu1845\/2024\/11\/IMG_20241118_153944-768x346.jpg 768w, https:\/\/agora.xtec.cat\/escoladetermens\/wp-content\/uploads\/usu1845\/2024\/11\/IMG_20241118_153944-1536x691.jpg 1536w, https:\/\/agora.xtec.cat\/escoladetermens\/wp-content\/uploads\/usu1845\/2024\/11\/IMG_20241118_153944-2048x922.jpg 2048w\" sizes=\"auto, (max-width: 1024px) 100vw, 1024px\" \/><\/a><\/p>\n","protected":false},"excerpt":{"rendered":"<p>El Dani ens ha fet un recorregut per totes les m\u00e0quines i sales que hi ha al gimn\u00e0s del poble, i la Marian ens ha fet un circuit super xulo per treballar la for\u00e7a. Tamb\u00e9 ens hem estirat amb les pilotes grans i hem pedalat&hellip;  <a href=\"https:\/\/agora.xtec.cat\/escoladetermens\/general\/anem-al-gimnas\/\" title=\"Read Anem al gimn\u00e0s!\">Llegeix m\u00e9s\u00bb<\/a><\/p>\n","protected":false},"author":1,"featured_media":0,"comment_status":"open","ping_status":"closed","sticky":false,"template":"","format":"standard","meta":{"_bbp_topic_count":0,"_bbp_reply_count":0,"_bbp_total_topic_count":0,"_bbp_total_reply_count":0,"_bbp_voice_count":0,"_bbp_anonymous_reply_count":0,"_bbp_topic_count_hidden":0,"_bbp_reply_count_hidden":0,"_bbp_forum_subforum_count":0,"footnotes":""},"categories":[15,83,1,5],"tags":[],"class_list":["post-8309","post","type-post","status-publish","format-standard","hentry","category-6e","category-ed-fisica","category-general","category-primaria"],"post_mailing_queue_ids":[],"_links":{"self":[{"href":"https:\/\/agora.xtec.cat\/escoladetermens\/wp-json\/wp\/v2\/posts\/8309","targetHints":{"allow":["GET"]}}],"collection":[{"href":"https:\/\/agora.xtec.cat\/escoladetermens\/wp-json\/wp\/v2\/posts"}],"about":[{"href":"https:\/\/agora.xtec.cat\/escoladetermens\/wp-json\/wp\/v2\/types\/post"}],"author":[{"embeddable":true,"href":"https:\/\/agora.xtec.cat\/escoladetermens\/wp-json\/wp\/v2\/users\/1"}],"replies":[{"embeddable":true,"href":"https:\/\/agora.xtec.cat\/escoladetermens\/wp-json\/wp\/v2\/comments?post=8309"}],"version-history":[{"count":1,"href":"https:\/\/agora.xtec.cat\/escoladetermens\/wp-json\/wp\/v2\/posts\/8309\/revisions"}],"predecessor-version":[{"id":8311,"href":"https:\/\/agora.xtec.cat\/escoladetermens\/wp-json\/wp\/v2\/posts\/8309\/revisions\/8311"}],"wp:attachment":[{"href":"https:\/\/agora.xtec.cat\/escoladetermens\/wp-json\/wp\/v2\/media?parent=8309"}],"wp:term":[{"taxonomy":"category","embeddable":true,"href":"https:\/\/agora.xtec.cat\/escoladetermens\/wp-json\/wp\/v2\/categories?post=8309"},{"taxonomy":"post_tag","embeddable":true,"href":"https:\/\/agora.xtec.cat\/escoladetermens\/wp-json\/wp\/v2\/tags?post=8309"}],"curies":[{"name":"wp","href":"https:\/\/api.w.org\/{rel}","templated":true}]}}