{"id":8281,"date":"2024-11-08T10:59:02","date_gmt":"2024-11-08T09:59:02","guid":{"rendered":"https:\/\/agora.xtec.cat\/escoladetermens\/?p=8281"},"modified":"2024-11-08T11:00:18","modified_gmt":"2024-11-08T10:00:18","slug":"lambulancia-a-lescola","status":"publish","type":"post","link":"https:\/\/agora.xtec.cat\/escoladetermens\/infantil\/i3-i4\/lambulancia-a-lescola\/","title":{"rendered":"L&#8217;AMBUL\u00c0NCIA A L&#8217;ESCOLA!"},"content":{"rendered":"<p>Aquest dijous el <strong>SERGI<\/strong>, pare de la L\u00eddia de 3r i <em><strong>T\u00e8cnic d&#8217;Emerg\u00e8ncies Sanit\u00e0ries, <\/strong><\/em>ha condu\u00eft fins l&#8217;escola i ens ha explicat moltes coses sobre el funcionament, serveis i material que cont\u00e9 una <strong>AMBUL\u00c0NCIA<\/strong>!<\/p>\n<p>Ara ja sabem que les AMBUL\u00c0NCIES traslladen malalts que necessiten una cura pel cam\u00ed cap a l&#8217;hospital! I tamb\u00e9 tot el que disposen per aquesta atenci\u00f3!<\/p>\n<p>Ens ha agradat molt, i ens ha despertat la curiositat en un futur per a treballar en aquest sector i tamb\u00e9 ara som conscients del seu gran servei i com podem col\u00b7laborar!<\/p>\n<p style=\"text-align: center;\"><em><strong>Cliqueu damunt dels enlla\u00e7os per veure les FOTOS AMBUL\u00c0NCIA<\/strong>:<\/em><\/p>\n<p style=\"text-align: center;\"><a href=\"https:\/\/photos.app.goo.gl\/N3B2fPeYbQrjoZDa9\"><strong>EDUC. iNFANTIL + C. INICIAL<\/strong><\/a><\/p>\n<p style=\"text-align: center;\"><a href=\"https:\/\/photos.app.goo.gl\/hGZH2t9BTCLyWA279\"><strong>C. MITJ\u00c0 + C. SUPERIOR<\/strong><\/a><\/p>\n<p><img loading=\"lazy\" decoding=\"async\" class=\"aligncenter size-medium wp-image-8282\" src=\"https:\/\/agora.xtec.cat\/escoladetermens\/wp-content\/uploads\/usu1845\/2024\/11\/WhatsApp-Image-2024-11-07-at-15.20.57-COLLAGE-300x300.jpg\" alt=\"\" width=\"300\" height=\"300\" srcset=\"https:\/\/agora.xtec.cat\/escoladetermens\/wp-content\/uploads\/usu1845\/2024\/11\/WhatsApp-Image-2024-11-07-at-15.20.57-COLLAGE-300x300.jpg 300w, https:\/\/agora.xtec.cat\/escoladetermens\/wp-content\/uploads\/usu1845\/2024\/11\/WhatsApp-Image-2024-11-07-at-15.20.57-COLLAGE-1024x1024.jpg 1024w, https:\/\/agora.xtec.cat\/escoladetermens\/wp-content\/uploads\/usu1845\/2024\/11\/WhatsApp-Image-2024-11-07-at-15.20.57-COLLAGE-150x150.jpg 150w, https:\/\/agora.xtec.cat\/escoladetermens\/wp-content\/uploads\/usu1845\/2024\/11\/WhatsApp-Image-2024-11-07-at-15.20.57-COLLAGE-768x768.jpg 768w, https:\/\/agora.xtec.cat\/escoladetermens\/wp-content\/uploads\/usu1845\/2024\/11\/WhatsApp-Image-2024-11-07-at-15.20.57-COLLAGE-1536x1536.jpg 1536w, https:\/\/agora.xtec.cat\/escoladetermens\/wp-content\/uploads\/usu1845\/2024\/11\/WhatsApp-Image-2024-11-07-at-15.20.57-COLLAGE.jpg 1664w\" sizes=\"auto, (max-width: 300px) 100vw, 300px\" \/><\/p>\n<p style=\"text-align: center;\"><strong>MOLTES GR\u00c0CIES SERGI !!!<\/strong><\/p>\n","protected":false},"excerpt":{"rendered":"<p>Aquest dijous el SERGI, pare de la L\u00eddia de 3r i T\u00e8cnic d&#8217;Emerg\u00e8ncies Sanit\u00e0ries, ha condu\u00eft fins l&#8217;escola i ens ha explicat moltes coses sobre el funcionament, serveis i material que cont\u00e9 una AMBUL\u00c0NCIA!<br \/>\nAra ja sabem que les AMBUL\u00c0NCIES traslladen malalts que necessiten una cura&hellip;  <a href=\"https:\/\/agora.xtec.cat\/escoladetermens\/infantil\/i3-i4\/lambulancia-a-lescola\/\" title=\"Read L&#8217;AMBUL\u00c0NCIA A L&#8217;ESCOLA!\">Llegeix m\u00e9s\u00bb<\/a><\/p>\n","protected":false},"author":1,"featured_media":0,"comment_status":"open","ping_status":"closed","sticky":false,"template":"","format":"standard","meta":{"_bbp_topic_count":0,"_bbp_reply_count":0,"_bbp_total_topic_count":0,"_bbp_total_reply_count":0,"_bbp_voice_count":0,"_bbp_anonymous_reply_count":0,"_bbp_topic_count_hidden":0,"_bbp_reply_count_hidden":0,"_bbp_forum_subforum_count":0,"footnotes":""},"categories":[10,11,12,14,15,3,9,4],"tags":[],"class_list":["post-8281","post","type-post","status-publish","format-standard","hentry","category-2n","category-3r","category-4t","category-5e","category-6e","category-i3-i4","category-i5","category-portada"],"post_mailing_queue_ids":[],"_links":{"self":[{"href":"https:\/\/agora.xtec.cat\/escoladetermens\/wp-json\/wp\/v2\/posts\/8281","targetHints":{"allow":["GET"]}}],"collection":[{"href":"https:\/\/agora.xtec.cat\/escoladetermens\/wp-json\/wp\/v2\/posts"}],"about":[{"href":"https:\/\/agora.xtec.cat\/escoladetermens\/wp-json\/wp\/v2\/types\/post"}],"author":[{"embeddable":true,"href":"https:\/\/agora.xtec.cat\/escoladetermens\/wp-json\/wp\/v2\/users\/1"}],"replies":[{"embeddable":true,"href":"https:\/\/agora.xtec.cat\/escoladetermens\/wp-json\/wp\/v2\/comments?post=8281"}],"version-history":[{"count":1,"href":"https:\/\/agora.xtec.cat\/escoladetermens\/wp-json\/wp\/v2\/posts\/8281\/revisions"}],"predecessor-version":[{"id":8283,"href":"https:\/\/agora.xtec.cat\/escoladetermens\/wp-json\/wp\/v2\/posts\/8281\/revisions\/8283"}],"wp:attachment":[{"href":"https:\/\/agora.xtec.cat\/escoladetermens\/wp-json\/wp\/v2\/media?parent=8281"}],"wp:term":[{"taxonomy":"category","embeddable":true,"href":"https:\/\/agora.xtec.cat\/escoladetermens\/wp-json\/wp\/v2\/categories?post=8281"},{"taxonomy":"post_tag","embeddable":true,"href":"https:\/\/agora.xtec.cat\/escoladetermens\/wp-json\/wp\/v2\/tags?post=8281"}],"curies":[{"name":"wp","href":"https:\/\/api.w.org\/{rel}","templated":true}]}}