{"id":8210,"date":"2024-09-22T20:48:29","date_gmt":"2024-09-22T18:48:29","guid":{"rendered":"https:\/\/agora.xtec.cat\/escoladetermens\/?p=8210"},"modified":"2024-09-22T20:48:29","modified_gmt":"2024-09-22T18:48:29","slug":"1a-assemblea-escoltant-la-veu-de-lalumnat","status":"publish","type":"post","link":"https:\/\/agora.xtec.cat\/escoladetermens\/general\/1a-assemblea-escoltant-la-veu-de-lalumnat\/","title":{"rendered":"1a assemblea. Escoltant la veu de l&#8217;alumnat!"},"content":{"rendered":"<p>El divendres varem realitzar la primera assemblea del curs, hi van participar dos o tres infants de cada classe.<\/p>\n<p>Van exposar aspectes relacionats amb la millora i organitzaci\u00f3 del pati. \u00c9s un tema que no s&#8217;acaba mai&#8230; per\u00f2 si ens hi posem, entre tots i totes, hi anirem trobant soluci\u00f3. Ara toca complir amb els acords!<\/p>\n<p>Donar la paraula a l&#8217;alumnat, escoltar-los i observar-los com fan de portaveus de la seva classe \u00e9s tota una experi\u00e8ncia plena d&#8217;aprenentatge i sobretot de molts valors.<\/p>\n<p>En durem a terme una cada mes de manera que al llarg del curs hi hauran participat tots i cadascun dels infants, no es poden pas perdre l&#8217;experi\u00e8ncia!<\/p>\n<p><a href=\"https:\/\/agora.xtec.cat\/escoladetermens\/wp-content\/uploads\/usu1845\/2024\/09\/IMG_20240920_093319-scaled.jpg\"><img loading=\"lazy\" decoding=\"async\" class=\"alignnone size-large wp-image-8211\" src=\"https:\/\/agora.xtec.cat\/escoladetermens\/wp-content\/uploads\/usu1845\/2024\/09\/IMG_20240920_093319-1024x461.jpg\" alt=\"\" width=\"1024\" height=\"461\" srcset=\"https:\/\/agora.xtec.cat\/escoladetermens\/wp-content\/uploads\/usu1845\/2024\/09\/IMG_20240920_093319-1024x461.jpg 1024w, https:\/\/agora.xtec.cat\/escoladetermens\/wp-content\/uploads\/usu1845\/2024\/09\/IMG_20240920_093319-300x135.jpg 300w, https:\/\/agora.xtec.cat\/escoladetermens\/wp-content\/uploads\/usu1845\/2024\/09\/IMG_20240920_093319-768x346.jpg 768w, https:\/\/agora.xtec.cat\/escoladetermens\/wp-content\/uploads\/usu1845\/2024\/09\/IMG_20240920_093319-1536x691.jpg 1536w, https:\/\/agora.xtec.cat\/escoladetermens\/wp-content\/uploads\/usu1845\/2024\/09\/IMG_20240920_093319-2048x922.jpg 2048w\" sizes=\"auto, (max-width: 1024px) 100vw, 1024px\" \/><\/a> <a href=\"https:\/\/agora.xtec.cat\/escoladetermens\/wp-content\/uploads\/usu1845\/2024\/09\/IMG_20240920_093325-scaled.jpg\"><img loading=\"lazy\" decoding=\"async\" class=\"alignnone size-large wp-image-8212\" src=\"https:\/\/agora.xtec.cat\/escoladetermens\/wp-content\/uploads\/usu1845\/2024\/09\/IMG_20240920_093325-1024x461.jpg\" alt=\"\" width=\"1024\" height=\"461\" srcset=\"https:\/\/agora.xtec.cat\/escoladetermens\/wp-content\/uploads\/usu1845\/2024\/09\/IMG_20240920_093325-1024x461.jpg 1024w, https:\/\/agora.xtec.cat\/escoladetermens\/wp-content\/uploads\/usu1845\/2024\/09\/IMG_20240920_093325-300x135.jpg 300w, https:\/\/agora.xtec.cat\/escoladetermens\/wp-content\/uploads\/usu1845\/2024\/09\/IMG_20240920_093325-768x346.jpg 768w, https:\/\/agora.xtec.cat\/escoladetermens\/wp-content\/uploads\/usu1845\/2024\/09\/IMG_20240920_093325-1536x691.jpg 1536w, https:\/\/agora.xtec.cat\/escoladetermens\/wp-content\/uploads\/usu1845\/2024\/09\/IMG_20240920_093325-2048x922.jpg 2048w\" sizes=\"auto, (max-width: 1024px) 100vw, 1024px\" \/><\/a><\/p>\n<p>&nbsp;<\/p>\n","protected":false},"excerpt":{"rendered":"<p>El divendres varem realitzar la primera assemblea del curs, hi van participar dos o tres infants de cada classe.<br \/>\nVan exposar aspectes relacionats amb la millora i organitzaci\u00f3 del pati. \u00c9s un tema que no s&#8217;acaba mai&#8230; per\u00f2 si ens hi posem, entre tots i totes,&hellip;  <a href=\"https:\/\/agora.xtec.cat\/escoladetermens\/general\/1a-assemblea-escoltant-la-veu-de-lalumnat\/\" title=\"Read 1a assemblea. Escoltant la veu de l&#8217;alumnat!\">Llegeix m\u00e9s\u00bb<\/a><\/p>\n","protected":false},"author":1,"featured_media":0,"comment_status":"open","ping_status":"closed","sticky":false,"template":"","format":"standard","meta":{"_bbp_topic_count":0,"_bbp_reply_count":0,"_bbp_total_topic_count":0,"_bbp_total_reply_count":0,"_bbp_voice_count":0,"_bbp_anonymous_reply_count":0,"_bbp_topic_count_hidden":0,"_bbp_reply_count_hidden":0,"_bbp_forum_subforum_count":0,"footnotes":""},"categories":[10,11,12,14,15,1,4,5],"tags":[],"class_list":["post-8210","post","type-post","status-publish","format-standard","hentry","category-2n","category-3r","category-4t","category-5e","category-6e","category-general","category-portada","category-primaria"],"post_mailing_queue_ids":[],"_links":{"self":[{"href":"https:\/\/agora.xtec.cat\/escoladetermens\/wp-json\/wp\/v2\/posts\/8210","targetHints":{"allow":["GET"]}}],"collection":[{"href":"https:\/\/agora.xtec.cat\/escoladetermens\/wp-json\/wp\/v2\/posts"}],"about":[{"href":"https:\/\/agora.xtec.cat\/escoladetermens\/wp-json\/wp\/v2\/types\/post"}],"author":[{"embeddable":true,"href":"https:\/\/agora.xtec.cat\/escoladetermens\/wp-json\/wp\/v2\/users\/1"}],"replies":[{"embeddable":true,"href":"https:\/\/agora.xtec.cat\/escoladetermens\/wp-json\/wp\/v2\/comments?post=8210"}],"version-history":[{"count":1,"href":"https:\/\/agora.xtec.cat\/escoladetermens\/wp-json\/wp\/v2\/posts\/8210\/revisions"}],"predecessor-version":[{"id":8213,"href":"https:\/\/agora.xtec.cat\/escoladetermens\/wp-json\/wp\/v2\/posts\/8210\/revisions\/8213"}],"wp:attachment":[{"href":"https:\/\/agora.xtec.cat\/escoladetermens\/wp-json\/wp\/v2\/media?parent=8210"}],"wp:term":[{"taxonomy":"category","embeddable":true,"href":"https:\/\/agora.xtec.cat\/escoladetermens\/wp-json\/wp\/v2\/categories?post=8210"},{"taxonomy":"post_tag","embeddable":true,"href":"https:\/\/agora.xtec.cat\/escoladetermens\/wp-json\/wp\/v2\/tags?post=8210"}],"curies":[{"name":"wp","href":"https:\/\/api.w.org\/{rel}","templated":true}]}}