{"id":8105,"date":"2024-05-26T11:02:08","date_gmt":"2024-05-26T09:02:08","guid":{"rendered":"https:\/\/agora.xtec.cat\/escoladetermens\/?p=8105"},"modified":"2024-05-26T11:02:08","modified_gmt":"2024-05-26T09:02:08","slug":"darrer-taller-de-lectura-amb-families","status":"publish","type":"post","link":"https:\/\/agora.xtec.cat\/escoladetermens\/portada\/darrer-taller-de-lectura-amb-families\/","title":{"rendered":"Darrer taller de lectura amb fam\u00edlies"},"content":{"rendered":"<p>La setmana passada vam realitzar, a la biblioteca, el taller de lectura amb fam\u00edlies del 3r trimestre.<\/p>\n<p>Amb les persones que van assistir vam compartir estrat\u00e8gies molts variades i divertides per acompanyar, des de casa, la lectura dels fills i filles. Ens vam identificar amb alguns personatges de diferents contes, vam descobrir les claus que obren les portes als obstacles que molts cops ens trobem quan intentem que els infants llegeixin i ens vam fer algun bon prop\u00f2sit que, de ben segur far\u00e0 que a casa gaudim molt m\u00e9s d&#8217;estones de lectura.<\/p>\n<p>La Tatiana, en acabar, ens va llegir el conte: <strong>&#8220;el cirerer&#8221;&#8230;<\/strong> Si no els coneixeu el podeu trobar a la biblioteca. Ens fa reflexionar sobre la paci\u00e8ncia i l&#8217;espera, valors essencials en l&#8217;educaci\u00f3 dels infants avui en dia.<\/p>\n<p><a href=\"https:\/\/agora.xtec.cat\/escoladetermens\/wp-content\/uploads\/usu1845\/2024\/05\/IMG_20240517_160356-scaled.jpg\"><img loading=\"lazy\" decoding=\"async\" class=\"alignnone size-large wp-image-8106\" src=\"https:\/\/agora.xtec.cat\/escoladetermens\/wp-content\/uploads\/usu1845\/2024\/05\/IMG_20240517_160356-1024x461.jpg\" alt=\"\" width=\"1024\" height=\"461\" srcset=\"https:\/\/agora.xtec.cat\/escoladetermens\/wp-content\/uploads\/usu1845\/2024\/05\/IMG_20240517_160356-1024x461.jpg 1024w, https:\/\/agora.xtec.cat\/escoladetermens\/wp-content\/uploads\/usu1845\/2024\/05\/IMG_20240517_160356-300x135.jpg 300w, https:\/\/agora.xtec.cat\/escoladetermens\/wp-content\/uploads\/usu1845\/2024\/05\/IMG_20240517_160356-768x346.jpg 768w, https:\/\/agora.xtec.cat\/escoladetermens\/wp-content\/uploads\/usu1845\/2024\/05\/IMG_20240517_160356-1536x691.jpg 1536w, https:\/\/agora.xtec.cat\/escoladetermens\/wp-content\/uploads\/usu1845\/2024\/05\/IMG_20240517_160356-2048x922.jpg 2048w\" sizes=\"auto, (max-width: 1024px) 100vw, 1024px\" \/><\/a><\/p>\n<p>&nbsp;<\/p>\n","protected":false},"excerpt":{"rendered":"<p>La setmana passada vam realitzar, a la biblioteca, el taller de lectura amb fam\u00edlies del 3r trimestre.<br \/>\nAmb les persones que van assistir vam compartir estrat\u00e8gies molts variades i divertides per acompanyar, des de casa, la lectura dels fills i filles. Ens vam identificar amb alguns&hellip;  <a href=\"https:\/\/agora.xtec.cat\/escoladetermens\/portada\/darrer-taller-de-lectura-amb-families\/\" title=\"Read Darrer taller de lectura amb fam\u00edlies\">Llegeix m\u00e9s\u00bb<\/a><\/p>\n","protected":false},"author":1,"featured_media":0,"comment_status":"open","ping_status":"closed","sticky":false,"template":"","format":"standard","meta":{"_bbp_topic_count":0,"_bbp_reply_count":0,"_bbp_total_topic_count":0,"_bbp_total_reply_count":0,"_bbp_voice_count":0,"_bbp_anonymous_reply_count":0,"_bbp_topic_count_hidden":0,"_bbp_reply_count_hidden":0,"_bbp_forum_subforum_count":0,"footnotes":""},"categories":[343,4],"tags":[405,164,404,403],"class_list":["post-8105","post","type-post","status-publish","format-standard","hentry","category-lescola-llegeix","category-portada","tag-biblioteca-escola","tag-families","tag-llegir-a-casa","tag-taller-lectura"],"post_mailing_queue_ids":[],"_links":{"self":[{"href":"https:\/\/agora.xtec.cat\/escoladetermens\/wp-json\/wp\/v2\/posts\/8105","targetHints":{"allow":["GET"]}}],"collection":[{"href":"https:\/\/agora.xtec.cat\/escoladetermens\/wp-json\/wp\/v2\/posts"}],"about":[{"href":"https:\/\/agora.xtec.cat\/escoladetermens\/wp-json\/wp\/v2\/types\/post"}],"author":[{"embeddable":true,"href":"https:\/\/agora.xtec.cat\/escoladetermens\/wp-json\/wp\/v2\/users\/1"}],"replies":[{"embeddable":true,"href":"https:\/\/agora.xtec.cat\/escoladetermens\/wp-json\/wp\/v2\/comments?post=8105"}],"version-history":[{"count":1,"href":"https:\/\/agora.xtec.cat\/escoladetermens\/wp-json\/wp\/v2\/posts\/8105\/revisions"}],"predecessor-version":[{"id":8107,"href":"https:\/\/agora.xtec.cat\/escoladetermens\/wp-json\/wp\/v2\/posts\/8105\/revisions\/8107"}],"wp:attachment":[{"href":"https:\/\/agora.xtec.cat\/escoladetermens\/wp-json\/wp\/v2\/media?parent=8105"}],"wp:term":[{"taxonomy":"category","embeddable":true,"href":"https:\/\/agora.xtec.cat\/escoladetermens\/wp-json\/wp\/v2\/categories?post=8105"},{"taxonomy":"post_tag","embeddable":true,"href":"https:\/\/agora.xtec.cat\/escoladetermens\/wp-json\/wp\/v2\/tags?post=8105"}],"curies":[{"name":"wp","href":"https:\/\/api.w.org\/{rel}","templated":true}]}}