{"id":8094,"date":"2024-05-22T19:46:25","date_gmt":"2024-05-22T17:46:25","guid":{"rendered":"https:\/\/agora.xtec.cat\/escoladetermens\/?p=8094"},"modified":"2024-05-22T19:46:25","modified_gmt":"2024-05-22T17:46:25","slug":"mestra-ester-i-el-clarinet","status":"publish","type":"post","link":"https:\/\/agora.xtec.cat\/escoladetermens\/infantil\/i3-i4\/mestra-ester-i-el-clarinet\/","title":{"rendered":"Mestra ESTER i el CLARINET"},"content":{"rendered":"<p>El dimarts passat, mentre tots els nens i nenes de 3r fins a 6\u00e8 estaven de bicicletada per Torrelameu!<\/p>\n<p>La <strong>Srta Ester<\/strong>, mestra de la nostra escola de 2n, ens va explicar el <strong><em>funcionament del CLARINET i ens va ensenyar com sap tocar-lo.<\/em><\/strong><\/p>\n<p>Va estar\u00a0 un recital de m\u00fasica meravell\u00f3s, on vam cantar un llarg repertori de can\u00e7ons acompanyats pel clarinet de la Srta Ester!<\/p>\n<p style=\"text-align: center;\"><em><strong>MOLTES GR\u00c0CIES, ESTER!<\/strong><\/em><\/p>\n<p><a href=\"https:\/\/photos.app.goo.gl\/vbu5zdngEzEcvPP79\"><img loading=\"lazy\" decoding=\"async\" class=\"aligncenter size-medium wp-image-8095\" src=\"https:\/\/agora.xtec.cat\/escoladetermens\/wp-content\/uploads\/usu1845\/2024\/05\/WhatsApp-Image-2024-05-21-at-12.16.25-1-COLLAGE-225x300.jpg\" alt=\"\" width=\"225\" height=\"300\" srcset=\"https:\/\/agora.xtec.cat\/escoladetermens\/wp-content\/uploads\/usu1845\/2024\/05\/WhatsApp-Image-2024-05-21-at-12.16.25-1-COLLAGE-225x300.jpg 225w, https:\/\/agora.xtec.cat\/escoladetermens\/wp-content\/uploads\/usu1845\/2024\/05\/WhatsApp-Image-2024-05-21-at-12.16.25-1-COLLAGE-768x1024.jpg 768w, https:\/\/agora.xtec.cat\/escoladetermens\/wp-content\/uploads\/usu1845\/2024\/05\/WhatsApp-Image-2024-05-21-at-12.16.25-1-COLLAGE-1152x1536.jpg 1152w, https:\/\/agora.xtec.cat\/escoladetermens\/wp-content\/uploads\/usu1845\/2024\/05\/WhatsApp-Image-2024-05-21-at-12.16.25-1-COLLAGE.jpg 1535w\" sizes=\"auto, (max-width: 225px) 100vw, 225px\" \/><\/a><\/p>\n","protected":false},"excerpt":{"rendered":"<p>El dimarts passat, mentre tots els nens i nenes de 3r fins a 6\u00e8 estaven de bicicletada per Torrelameu!<br \/>\nLa Srta Ester, mestra de la nostra escola de 2n, ens va explicar el funcionament del CLARINET i ens va ensenyar com sap tocar-lo.<br \/>\nVa estar\u00a0 un recital&hellip;  <a href=\"https:\/\/agora.xtec.cat\/escoladetermens\/infantil\/i3-i4\/mestra-ester-i-el-clarinet\/\" title=\"Read Mestra ESTER i el CLARINET\">Llegeix m\u00e9s\u00bb<\/a><\/p>\n","protected":false},"author":1,"featured_media":0,"comment_status":"open","ping_status":"closed","sticky":false,"template":"","format":"standard","meta":{"_bbp_topic_count":0,"_bbp_reply_count":0,"_bbp_total_topic_count":0,"_bbp_total_reply_count":0,"_bbp_voice_count":0,"_bbp_anonymous_reply_count":0,"_bbp_topic_count_hidden":0,"_bbp_reply_count_hidden":0,"_bbp_forum_subforum_count":0,"footnotes":""},"categories":[10,11,3,9,4],"tags":[],"class_list":["post-8094","post","type-post","status-publish","format-standard","hentry","category-2n","category-3r","category-i3-i4","category-i5","category-portada"],"post_mailing_queue_ids":[],"_links":{"self":[{"href":"https:\/\/agora.xtec.cat\/escoladetermens\/wp-json\/wp\/v2\/posts\/8094","targetHints":{"allow":["GET"]}}],"collection":[{"href":"https:\/\/agora.xtec.cat\/escoladetermens\/wp-json\/wp\/v2\/posts"}],"about":[{"href":"https:\/\/agora.xtec.cat\/escoladetermens\/wp-json\/wp\/v2\/types\/post"}],"author":[{"embeddable":true,"href":"https:\/\/agora.xtec.cat\/escoladetermens\/wp-json\/wp\/v2\/users\/1"}],"replies":[{"embeddable":true,"href":"https:\/\/agora.xtec.cat\/escoladetermens\/wp-json\/wp\/v2\/comments?post=8094"}],"version-history":[{"count":1,"href":"https:\/\/agora.xtec.cat\/escoladetermens\/wp-json\/wp\/v2\/posts\/8094\/revisions"}],"predecessor-version":[{"id":8096,"href":"https:\/\/agora.xtec.cat\/escoladetermens\/wp-json\/wp\/v2\/posts\/8094\/revisions\/8096"}],"wp:attachment":[{"href":"https:\/\/agora.xtec.cat\/escoladetermens\/wp-json\/wp\/v2\/media?parent=8094"}],"wp:term":[{"taxonomy":"category","embeddable":true,"href":"https:\/\/agora.xtec.cat\/escoladetermens\/wp-json\/wp\/v2\/categories?post=8094"},{"taxonomy":"post_tag","embeddable":true,"href":"https:\/\/agora.xtec.cat\/escoladetermens\/wp-json\/wp\/v2\/tags?post=8094"}],"curies":[{"name":"wp","href":"https:\/\/api.w.org\/{rel}","templated":true}]}}