{"id":8067,"date":"2024-05-10T14:00:59","date_gmt":"2024-05-10T12:00:59","guid":{"rendered":"https:\/\/agora.xtec.cat\/escoladetermens\/?p=8067"},"modified":"2024-05-10T14:01:43","modified_gmt":"2024-05-10T12:01:43","slug":"ii-jornada-canal-de-reporters","status":"publish","type":"post","link":"https:\/\/agora.xtec.cat\/escoladetermens\/portada\/ii-jornada-canal-de-reporters\/","title":{"rendered":"II Jornada Canal de REPORTERS"},"content":{"rendered":"<p>El divendres <strong>10 de maig<\/strong>, els grups de <strong>5\u00e8 i 6\u00e8<\/strong> de la nostra escola han participat en la <strong>2a Jornada Canal de REPORTERS<\/strong>, juntament amb l&#8217;escola Ignasi Peraire de Mollerussa, INS Nou Alcarr\u00e0s i INS Terra Alta de Gandesa, en les instal\u00b7lacions de la <strong>UdL del Campus del Rectorat<\/strong>.<\/p>\n<p>Enguany\u00a0 es commemora els <strong><em>100 anys de la r\u00e0dio a Catalunya, destacant el paper que ha tingut en la difusi\u00f3 de la cultura, l&#8217;entreniment i la informaci\u00f3.<\/em><\/strong><\/p>\n<p>Programa de la jornada:<\/p>\n<ul>\n<li>Acte Benvinguda<\/li>\n<li>Taller Verificat: Desinformaci\u00f3<\/li>\n<li>Taller Internet segura: Hipertrucatge \/ Deepfake<\/li>\n<li>Taller R\u00e0dio: Programa de r\u00e0dio. Aquest ha estat preparat pr\u00e8viament a l&#8217;escola i consta de:\u00a0Bloc1 (H\u00aa de la r\u00e0dio), Bloc 2 (M\u00f3n en moviment), Bloc 3 (Descodificat) i Bloc4 (Mots i a la G\u00e0bia).<\/li>\n<li>Taller Croma: Gravacions en el plat\u00f3 de la UdL<\/li>\n<li>Comiat<\/li>\n<\/ul>\n<p style=\"text-align: center;\"><em><strong>L&#8217;experi\u00e8ncia ha estat TOTAL, guaiteu les FOTOS, semblem ben b\u00e9 LOCUTORS professionals!<\/strong><\/em><\/p>\n<p><a href=\"https:\/\/photos.app.goo.gl\/y6JrqNqJN4DpM2326\"><img loading=\"lazy\" decoding=\"async\" class=\"aligncenter size-medium wp-image-8068\" src=\"https:\/\/agora.xtec.cat\/escoladetermens\/wp-content\/uploads\/usu1845\/2024\/05\/WhatsApp-Image-2024-05-10-at-09.51.39-COLLAGE-300x300.jpg\" alt=\"\" width=\"300\" height=\"300\" srcset=\"https:\/\/agora.xtec.cat\/escoladetermens\/wp-content\/uploads\/usu1845\/2024\/05\/WhatsApp-Image-2024-05-10-at-09.51.39-COLLAGE-300x300.jpg 300w, https:\/\/agora.xtec.cat\/escoladetermens\/wp-content\/uploads\/usu1845\/2024\/05\/WhatsApp-Image-2024-05-10-at-09.51.39-COLLAGE-1024x1024.jpg 1024w, https:\/\/agora.xtec.cat\/escoladetermens\/wp-content\/uploads\/usu1845\/2024\/05\/WhatsApp-Image-2024-05-10-at-09.51.39-COLLAGE-150x150.jpg 150w, https:\/\/agora.xtec.cat\/escoladetermens\/wp-content\/uploads\/usu1845\/2024\/05\/WhatsApp-Image-2024-05-10-at-09.51.39-COLLAGE-768x768.jpg 768w, https:\/\/agora.xtec.cat\/escoladetermens\/wp-content\/uploads\/usu1845\/2024\/05\/WhatsApp-Image-2024-05-10-at-09.51.39-COLLAGE-1536x1536.jpg 1536w, https:\/\/agora.xtec.cat\/escoladetermens\/wp-content\/uploads\/usu1845\/2024\/05\/WhatsApp-Image-2024-05-10-at-09.51.39-COLLAGE.jpg 1902w\" sizes=\"auto, (max-width: 300px) 100vw, 300px\" \/><\/a><\/p>\n","protected":false},"excerpt":{"rendered":"<p>El divendres 10 de maig, els grups de 5\u00e8 i 6\u00e8 de la nostra escola han participat en la 2a Jornada Canal de REPORTERS, juntament amb l&#8217;escola Ignasi Peraire de Mollerussa, INS Nou Alcarr\u00e0s i INS Terra Alta de Gandesa, en les instal\u00b7lacions de la&hellip;  <a href=\"https:\/\/agora.xtec.cat\/escoladetermens\/portada\/ii-jornada-canal-de-reporters\/\" title=\"Read II Jornada Canal de REPORTERS\">Llegeix m\u00e9s\u00bb<\/a><\/p>\n","protected":false},"author":1,"featured_media":0,"comment_status":"open","ping_status":"closed","sticky":false,"template":"","format":"standard","meta":{"_bbp_topic_count":0,"_bbp_reply_count":0,"_bbp_total_topic_count":0,"_bbp_total_reply_count":0,"_bbp_voice_count":0,"_bbp_anonymous_reply_count":0,"_bbp_topic_count_hidden":0,"_bbp_reply_count_hidden":0,"_bbp_forum_subforum_count":0,"footnotes":""},"categories":[14,15,108,4],"tags":[],"class_list":["post-8067","post","type-post","status-publish","format-standard","hentry","category-5e","category-6e","category-aula-carles-capdevila","category-portada"],"post_mailing_queue_ids":[],"_links":{"self":[{"href":"https:\/\/agora.xtec.cat\/escoladetermens\/wp-json\/wp\/v2\/posts\/8067","targetHints":{"allow":["GET"]}}],"collection":[{"href":"https:\/\/agora.xtec.cat\/escoladetermens\/wp-json\/wp\/v2\/posts"}],"about":[{"href":"https:\/\/agora.xtec.cat\/escoladetermens\/wp-json\/wp\/v2\/types\/post"}],"author":[{"embeddable":true,"href":"https:\/\/agora.xtec.cat\/escoladetermens\/wp-json\/wp\/v2\/users\/1"}],"replies":[{"embeddable":true,"href":"https:\/\/agora.xtec.cat\/escoladetermens\/wp-json\/wp\/v2\/comments?post=8067"}],"version-history":[{"count":1,"href":"https:\/\/agora.xtec.cat\/escoladetermens\/wp-json\/wp\/v2\/posts\/8067\/revisions"}],"predecessor-version":[{"id":8069,"href":"https:\/\/agora.xtec.cat\/escoladetermens\/wp-json\/wp\/v2\/posts\/8067\/revisions\/8069"}],"wp:attachment":[{"href":"https:\/\/agora.xtec.cat\/escoladetermens\/wp-json\/wp\/v2\/media?parent=8067"}],"wp:term":[{"taxonomy":"category","embeddable":true,"href":"https:\/\/agora.xtec.cat\/escoladetermens\/wp-json\/wp\/v2\/categories?post=8067"},{"taxonomy":"post_tag","embeddable":true,"href":"https:\/\/agora.xtec.cat\/escoladetermens\/wp-json\/wp\/v2\/tags?post=8067"}],"curies":[{"name":"wp","href":"https:\/\/api.w.org\/{rel}","templated":true}]}}