{"id":8034,"date":"2024-04-23T14:17:50","date_gmt":"2024-04-23T12:17:50","guid":{"rendered":"https:\/\/agora.xtec.cat\/escoladetermens\/?p=8034"},"modified":"2024-05-06T11:37:59","modified_gmt":"2024-05-06T09:37:59","slug":"sant-jordi-llibres-i-roses","status":"publish","type":"post","link":"https:\/\/agora.xtec.cat\/escoladetermens\/infantil\/i3-i4\/sant-jordi-llibres-i-roses\/","title":{"rendered":"SANT JORDI: LLIBRES I ROSES!"},"content":{"rendered":"<p style=\"text-align: center;\">Aquest <strong>SANT JORDI<\/strong> ha estat ple de <em>contes, teatre, llegendes i balls <\/em>!<\/p>\n<p style=\"text-align: center;\">I sobretot, sobretot ple d&#8217;<em>ESTIMA i AMOR<\/em>!<\/p>\n<p><strong>ACTIVITATS:<\/strong><\/p>\n<p>&#8211;<strong>Contacontes<\/strong>:<\/p>\n<p>A <strong>I3,<\/strong> la Dolors, padrina del Liam, ha explicat el conte &#8220;Puff, el drac m\u00e0gic&#8221; i altres m\u00e9s.<\/p>\n<p>A <strong>I5,<\/strong> l&#8217;Encarna, padrina de la Tha\u00eds, ha contat &#8220;El Patito Feo&#8221; i &#8220;La Blancanieves&#8221;.<\/p>\n<p>A <strong>1r i 2n<\/strong>, l&#8217;\u00c0ngels, padrina de l&#8217;Ekai, ha portat floretes amb el conte &#8220;Quan arriba la senyora Primavera&#8221;.<\/p>\n<p>A <strong>3r, 4t, 5\u00e8 i 6\u00e8, <\/strong>el Josep, padr\u00ed dels exalumnes \u00c0urea i Alguer, ha explicat un munt d&#8217;hist\u00f2ries de T\u00e9rmens recollides en el seu llibre.<\/p>\n<p>&#8211;<strong>Teatre:<\/strong><\/p>\n<p>Els grups d&#8217;I3 i I5 han representat l&#8217;obra de teatre &#8220;La Rateta que escombrava l&#8217;escaleta&#8221;.<\/p>\n<p><strong>-Intercanvi de LLIBRES:<\/strong><\/p>\n<p>Tota l&#8217;escola ha gaudit d&#8217;una estona de lectura amb els llibres que s&#8217;han intercanviat entre ells.<\/p>\n<p>&#8211;<strong>Caf\u00e8 de l&#8217;ARTISTA:<\/strong><\/p>\n<ul>\n<li>Educ. Infantil i C. Inicial, han cantat &#8220;Els Personatges&#8221;.<\/li>\n<li>C. Mitj\u00e0, han representat la Llegenda de Sant Jordi MUSICADA!<\/li>\n<li>C. Superior, han ballat totes aquestes can\u00e7ons: Hello Photograph i Take me to church!<\/li>\n<\/ul>\n<p>&#8211;<strong> GRAN XOCOLATA!<\/strong><\/p>\n<p>&nbsp;<\/p>\n<div style=\"position: relative; width: 100%; height: 0; padding-top: 70.9459%; padding-bottom: 0; box-shadow: 0 2px 8px 0 rgba(63,69,81,0.16); margin-top: 1.6em; margin-bottom: 0.9em; overflow: hidden; border-radius: 8px; will-change: transform;\"><iframe style=\"position: absolute; width: 100%; height: 100%; top: 0; left: 0; border: none; padding: 0; margin: 0;\" src=\"https:\/\/www.canva.com\/design\/DAGDOwkS4_c\/V2qXzmkEaUvoTTXxvyW06g\/view?embed\" allowfullscreen=\"allowfullscreen\"><br \/>\n<\/iframe><\/div>\n<p><a href=\"https:\/\/www.canva.com\/design\/DAGDOwkS4_c\/V2qXzmkEaUvoTTXxvyW06g\/view?utm_content=DAGDOwkS4_c&amp;utm_campaign=designshare&amp;utm_medium=embeds&amp;utm_source=link\" target=\"_blank\" rel=\"noopener\">Marcap\u00e0gines Feli\u00e7 diada de Sant Jordi Infantil Verd (29 x 21 cm) (14.8 x 10.5 cm)<\/a> de Escola Alfred Potrony<\/p>\n","protected":false},"excerpt":{"rendered":"<p>Aquest SANT JORDI ha estat ple de contes, teatre, llegendes i balls !<br \/>\nI sobretot, sobretot ple d&#8217;ESTIMA i AMOR!<br \/>\nACTIVITATS:<br \/>\n&#8211;Contacontes:<br \/>\nA I3, la Dolors, padrina del Liam, ha explicat el conte &#8220;Puff, el drac m\u00e0gic&#8221; i altres m\u00e9s.<br \/>\nA I5, l&#8217;Encarna, padrina de la Tha\u00eds, ha contat &#8220;El&hellip;  <a href=\"https:\/\/agora.xtec.cat\/escoladetermens\/infantil\/i3-i4\/sant-jordi-llibres-i-roses\/\" title=\"Read SANT JORDI: LLIBRES I ROSES!\">Llegeix m\u00e9s\u00bb<\/a><\/p>\n","protected":false},"author":1,"featured_media":0,"comment_status":"open","ping_status":"closed","sticky":false,"template":"","format":"standard","meta":{"_bbp_topic_count":0,"_bbp_reply_count":0,"_bbp_total_topic_count":0,"_bbp_total_reply_count":0,"_bbp_voice_count":0,"_bbp_anonymous_reply_count":0,"_bbp_topic_count_hidden":0,"_bbp_reply_count_hidden":0,"_bbp_forum_subforum_count":0,"footnotes":""},"categories":[10,11,12,14,15,3,9,4],"tags":[],"class_list":["post-8034","post","type-post","status-publish","format-standard","hentry","category-2n","category-3r","category-4t","category-5e","category-6e","category-i3-i4","category-i5","category-portada"],"post_mailing_queue_ids":[],"_links":{"self":[{"href":"https:\/\/agora.xtec.cat\/escoladetermens\/wp-json\/wp\/v2\/posts\/8034","targetHints":{"allow":["GET"]}}],"collection":[{"href":"https:\/\/agora.xtec.cat\/escoladetermens\/wp-json\/wp\/v2\/posts"}],"about":[{"href":"https:\/\/agora.xtec.cat\/escoladetermens\/wp-json\/wp\/v2\/types\/post"}],"author":[{"embeddable":true,"href":"https:\/\/agora.xtec.cat\/escoladetermens\/wp-json\/wp\/v2\/users\/1"}],"replies":[{"embeddable":true,"href":"https:\/\/agora.xtec.cat\/escoladetermens\/wp-json\/wp\/v2\/comments?post=8034"}],"version-history":[{"count":2,"href":"https:\/\/agora.xtec.cat\/escoladetermens\/wp-json\/wp\/v2\/posts\/8034\/revisions"}],"predecessor-version":[{"id":8058,"href":"https:\/\/agora.xtec.cat\/escoladetermens\/wp-json\/wp\/v2\/posts\/8034\/revisions\/8058"}],"wp:attachment":[{"href":"https:\/\/agora.xtec.cat\/escoladetermens\/wp-json\/wp\/v2\/media?parent=8034"}],"wp:term":[{"taxonomy":"category","embeddable":true,"href":"https:\/\/agora.xtec.cat\/escoladetermens\/wp-json\/wp\/v2\/categories?post=8034"},{"taxonomy":"post_tag","embeddable":true,"href":"https:\/\/agora.xtec.cat\/escoladetermens\/wp-json\/wp\/v2\/tags?post=8034"}],"curies":[{"name":"wp","href":"https:\/\/api.w.org\/{rel}","templated":true}]}}