{"id":8026,"date":"2024-04-22T09:39:37","date_gmt":"2024-04-22T07:39:37","guid":{"rendered":"https:\/\/agora.xtec.cat\/escoladetermens\/?p=8026"},"modified":"2024-04-22T09:39:37","modified_gmt":"2024-04-22T07:39:37","slug":"dia-de-lactivitat-fisica-al-carrer","status":"publish","type":"post","link":"https:\/\/agora.xtec.cat\/escoladetermens\/portada\/dia-de-lactivitat-fisica-al-carrer\/","title":{"rendered":"Dia de l&#8217;Activitat F\u00edsica al Carrer"},"content":{"rendered":"<p>La setmana passada vam celebrar el Dia de l&#8217;Activitat F\u00edsica al Carrer.<\/p>\n<p>Al nostre entorn hi ha molts espais bonics i \u00fatils per poder practicar esport, per cr\u00e9ixer, sentir-nos b\u00e9 i estar sans. \u00c9s responsabilitat nostra tenir cura d&#8217;aquests espais que utilitzem.<\/p>\n<p>Hem sortit amb les bicicletes i hem fet la caminada al voltant del llac de Sant Lloren\u00e7 (la caminada la podeu veure a l&#8217;altre article).<\/p>\n<p><a href=\"https:\/\/photos.app.goo.gl\/eG2dbJJXDRAnCndi6\"><img loading=\"lazy\" decoding=\"async\" class=\"alignnone size-large wp-image-8027\" src=\"https:\/\/agora.xtec.cat\/escoladetermens\/wp-content\/uploads\/usu1845\/2024\/04\/IMG_20240417_154413-1024x461.jpg\" alt=\"\" width=\"1024\" height=\"461\" srcset=\"https:\/\/agora.xtec.cat\/escoladetermens\/wp-content\/uploads\/usu1845\/2024\/04\/IMG_20240417_154413-1024x461.jpg 1024w, https:\/\/agora.xtec.cat\/escoladetermens\/wp-content\/uploads\/usu1845\/2024\/04\/IMG_20240417_154413-300x135.jpg 300w, https:\/\/agora.xtec.cat\/escoladetermens\/wp-content\/uploads\/usu1845\/2024\/04\/IMG_20240417_154413-768x346.jpg 768w, https:\/\/agora.xtec.cat\/escoladetermens\/wp-content\/uploads\/usu1845\/2024\/04\/IMG_20240417_154413-1536x691.jpg 1536w, https:\/\/agora.xtec.cat\/escoladetermens\/wp-content\/uploads\/usu1845\/2024\/04\/IMG_20240417_154413-2048x922.jpg 2048w\" sizes=\"auto, (max-width: 1024px) 100vw, 1024px\" \/><\/a><\/p>\n<p>&nbsp;<\/p>\n","protected":false},"excerpt":{"rendered":"<p>La setmana passada vam celebrar el Dia de l&#8217;Activitat F\u00edsica al Carrer.<br \/>\nAl nostre entorn hi ha molts espais bonics i \u00fatils per poder practicar esport, per cr\u00e9ixer, sentir-nos b\u00e9 i estar sans. \u00c9s responsabilitat nostra tenir cura d&#8217;aquests espais que utilitzem.<br \/>\nHem sortit amb les bicicletes&hellip;  <a href=\"https:\/\/agora.xtec.cat\/escoladetermens\/portada\/dia-de-lactivitat-fisica-al-carrer\/\" title=\"Read Dia de l&#8217;Activitat F\u00edsica al Carrer\">Llegeix m\u00e9s\u00bb<\/a><\/p>\n","protected":false},"author":1,"featured_media":0,"comment_status":"open","ping_status":"closed","sticky":false,"template":"","format":"standard","meta":{"_bbp_topic_count":0,"_bbp_reply_count":0,"_bbp_total_topic_count":0,"_bbp_total_reply_count":0,"_bbp_voice_count":0,"_bbp_anonymous_reply_count":0,"_bbp_topic_count_hidden":0,"_bbp_reply_count_hidden":0,"_bbp_forum_subforum_count":0,"footnotes":""},"categories":[10,11,12,14,15,83,4,5],"tags":[],"class_list":["post-8026","post","type-post","status-publish","format-standard","hentry","category-2n","category-3r","category-4t","category-5e","category-6e","category-ed-fisica","category-portada","category-primaria"],"post_mailing_queue_ids":[],"_links":{"self":[{"href":"https:\/\/agora.xtec.cat\/escoladetermens\/wp-json\/wp\/v2\/posts\/8026","targetHints":{"allow":["GET"]}}],"collection":[{"href":"https:\/\/agora.xtec.cat\/escoladetermens\/wp-json\/wp\/v2\/posts"}],"about":[{"href":"https:\/\/agora.xtec.cat\/escoladetermens\/wp-json\/wp\/v2\/types\/post"}],"author":[{"embeddable":true,"href":"https:\/\/agora.xtec.cat\/escoladetermens\/wp-json\/wp\/v2\/users\/1"}],"replies":[{"embeddable":true,"href":"https:\/\/agora.xtec.cat\/escoladetermens\/wp-json\/wp\/v2\/comments?post=8026"}],"version-history":[{"count":1,"href":"https:\/\/agora.xtec.cat\/escoladetermens\/wp-json\/wp\/v2\/posts\/8026\/revisions"}],"predecessor-version":[{"id":8033,"href":"https:\/\/agora.xtec.cat\/escoladetermens\/wp-json\/wp\/v2\/posts\/8026\/revisions\/8033"}],"wp:attachment":[{"href":"https:\/\/agora.xtec.cat\/escoladetermens\/wp-json\/wp\/v2\/media?parent=8026"}],"wp:term":[{"taxonomy":"category","embeddable":true,"href":"https:\/\/agora.xtec.cat\/escoladetermens\/wp-json\/wp\/v2\/categories?post=8026"},{"taxonomy":"post_tag","embeddable":true,"href":"https:\/\/agora.xtec.cat\/escoladetermens\/wp-json\/wp\/v2\/tags?post=8026"}],"curies":[{"name":"wp","href":"https:\/\/api.w.org\/{rel}","templated":true}]}}