{"id":8023,"date":"2024-04-12T15:29:53","date_gmt":"2024-04-12T13:29:53","guid":{"rendered":"https:\/\/agora.xtec.cat\/escoladetermens\/?p=8023"},"modified":"2024-04-12T15:30:22","modified_gmt":"2024-04-12T13:30:22","slug":"petits-i-grans-aprenem-junts","status":"publish","type":"post","link":"https:\/\/agora.xtec.cat\/escoladetermens\/infantil\/petits-i-grans-aprenem-junts\/","title":{"rendered":"Petits i grans aprenem junts!"},"content":{"rendered":"<p>\u00c9s un regal poder compartir estones de joc i aprenentatge entre petits i grans de l&#8217;escola.<\/p>\n<p>Ens permet posar en joc\u00a0 valors tan essencials com la sensibilitat, l&#8217;estima, l&#8217;ajuda, la cooperaci\u00f3, el companyerisme, aix\u00ed com tamb\u00e9 saber observar, acompanyar, descobrir les necessitats d&#8217;uns i altres&#8230; Les fotografies ens ho mostren, feu clic!<\/p>\n<p style=\"text-align: center\"><a href=\"https:\/\/photos.app.goo.gl\/eJq5HRChkC1dwwFK7\"><img loading=\"lazy\" decoding=\"async\" class=\"alignnone size-large wp-image-8024\" src=\"https:\/\/agora.xtec.cat\/escoladetermens\/wp-content\/uploads\/usu1845\/2024\/04\/IMG_20240412_122338-461x1024.jpg\" alt=\"\" width=\"461\" height=\"1024\" srcset=\"https:\/\/agora.xtec.cat\/escoladetermens\/wp-content\/uploads\/usu1845\/2024\/04\/IMG_20240412_122338-461x1024.jpg 461w, https:\/\/agora.xtec.cat\/escoladetermens\/wp-content\/uploads\/usu1845\/2024\/04\/IMG_20240412_122338-135x300.jpg 135w, https:\/\/agora.xtec.cat\/escoladetermens\/wp-content\/uploads\/usu1845\/2024\/04\/IMG_20240412_122338-768x1707.jpg 768w, https:\/\/agora.xtec.cat\/escoladetermens\/wp-content\/uploads\/usu1845\/2024\/04\/IMG_20240412_122338-691x1536.jpg 691w, https:\/\/agora.xtec.cat\/escoladetermens\/wp-content\/uploads\/usu1845\/2024\/04\/IMG_20240412_122338-922x2048.jpg 922w, https:\/\/agora.xtec.cat\/escoladetermens\/wp-content\/uploads\/usu1845\/2024\/04\/IMG_20240412_122338-scaled.jpg 1152w\" sizes=\"auto, (max-width: 461px) 100vw, 461px\" \/><\/a><\/p>\n<p>&nbsp;<\/p>\n","protected":false},"excerpt":{"rendered":"<p>\u00c9s un regal poder compartir estones de joc i aprenentatge entre petits i grans de l&#8217;escola.<br \/>\nEns permet posar en joc\u00a0 valors tan essencials com la sensibilitat, l&#8217;estima, l&#8217;ajuda, la cooperaci\u00f3, el companyerisme, aix\u00ed com tamb\u00e9 saber observar, acompanyar, descobrir les necessitats d&#8217;uns i altres&#8230; Les&hellip;  <a href=\"https:\/\/agora.xtec.cat\/escoladetermens\/infantil\/petits-i-grans-aprenem-junts\/\" title=\"Read Petits i grans aprenem junts!\">Llegeix m\u00e9s\u00bb<\/a><\/p>\n","protected":false},"author":1,"featured_media":0,"comment_status":"open","ping_status":"closed","sticky":false,"template":"","format":"standard","meta":{"_bbp_topic_count":0,"_bbp_reply_count":0,"_bbp_total_topic_count":0,"_bbp_total_reply_count":0,"_bbp_voice_count":0,"_bbp_anonymous_reply_count":0,"_bbp_topic_count_hidden":0,"_bbp_reply_count_hidden":0,"_bbp_forum_subforum_count":0,"footnotes":""},"categories":[15,83,3,2,4,5],"tags":[],"class_list":["post-8023","post","type-post","status-publish","format-standard","hentry","category-6e","category-ed-fisica","category-i3-i4","category-infantil","category-portada","category-primaria"],"post_mailing_queue_ids":[],"_links":{"self":[{"href":"https:\/\/agora.xtec.cat\/escoladetermens\/wp-json\/wp\/v2\/posts\/8023","targetHints":{"allow":["GET"]}}],"collection":[{"href":"https:\/\/agora.xtec.cat\/escoladetermens\/wp-json\/wp\/v2\/posts"}],"about":[{"href":"https:\/\/agora.xtec.cat\/escoladetermens\/wp-json\/wp\/v2\/types\/post"}],"author":[{"embeddable":true,"href":"https:\/\/agora.xtec.cat\/escoladetermens\/wp-json\/wp\/v2\/users\/1"}],"replies":[{"embeddable":true,"href":"https:\/\/agora.xtec.cat\/escoladetermens\/wp-json\/wp\/v2\/comments?post=8023"}],"version-history":[{"count":1,"href":"https:\/\/agora.xtec.cat\/escoladetermens\/wp-json\/wp\/v2\/posts\/8023\/revisions"}],"predecessor-version":[{"id":8025,"href":"https:\/\/agora.xtec.cat\/escoladetermens\/wp-json\/wp\/v2\/posts\/8023\/revisions\/8025"}],"wp:attachment":[{"href":"https:\/\/agora.xtec.cat\/escoladetermens\/wp-json\/wp\/v2\/media?parent=8023"}],"wp:term":[{"taxonomy":"category","embeddable":true,"href":"https:\/\/agora.xtec.cat\/escoladetermens\/wp-json\/wp\/v2\/categories?post=8023"},{"taxonomy":"post_tag","embeddable":true,"href":"https:\/\/agora.xtec.cat\/escoladetermens\/wp-json\/wp\/v2\/tags?post=8023"}],"curies":[{"name":"wp","href":"https:\/\/api.w.org\/{rel}","templated":true}]}}