{"id":7978,"date":"2024-03-28T11:17:01","date_gmt":"2024-03-28T10:17:01","guid":{"rendered":"https:\/\/agora.xtec.cat\/escoladetermens\/?p=7978"},"modified":"2024-03-28T11:17:01","modified_gmt":"2024-03-28T10:17:01","slug":"petites-grans-atletes","status":"publish","type":"post","link":"https:\/\/agora.xtec.cat\/escoladetermens\/portada\/petites-grans-atletes\/","title":{"rendered":"Petites, grans atletes!"},"content":{"rendered":"<p>Hem acabat el trimestre amb unes sessions d&#8217;atletisme, practicant curses, salts i llan\u00e7aments de diferents tipus.<\/p>\n<p>El Roger, futur mestre d&#8217;EF, ens ha preparat unes classes ben divertites que ens han servit per posar-nos encara m\u00e9s en forma i aprendre i practicar tot el que l&#8217;atletisme ens ofereix.<\/p>\n<p>L&#8217;alumnat de cicle mitj\u00e0 ha finalitzat la situaci\u00f3 d&#8217;aprenentatge amb una duatl\u00f3, on han pogut veure la seva evoluci\u00f3 i posar en marxa totes les seves capacitats.<\/p>\n<p>Feu clic a la fotografia i ens veureu en marxa!!!<\/p>\n<p><a href=\"https:\/\/photos.app.goo.gl\/XL9BroKDSZiKS7nw7\"><img loading=\"lazy\" decoding=\"async\" class=\"alignnone size-large wp-image-7979\" src=\"https:\/\/agora.xtec.cat\/escoladetermens\/wp-content\/uploads\/usu1845\/2024\/03\/IMG_20240304_155924-1024x461.jpg\" alt=\"\" width=\"1024\" height=\"461\" srcset=\"https:\/\/agora.xtec.cat\/escoladetermens\/wp-content\/uploads\/usu1845\/2024\/03\/IMG_20240304_155924-1024x461.jpg 1024w, https:\/\/agora.xtec.cat\/escoladetermens\/wp-content\/uploads\/usu1845\/2024\/03\/IMG_20240304_155924-300x135.jpg 300w, https:\/\/agora.xtec.cat\/escoladetermens\/wp-content\/uploads\/usu1845\/2024\/03\/IMG_20240304_155924-768x346.jpg 768w, https:\/\/agora.xtec.cat\/escoladetermens\/wp-content\/uploads\/usu1845\/2024\/03\/IMG_20240304_155924-1536x691.jpg 1536w, https:\/\/agora.xtec.cat\/escoladetermens\/wp-content\/uploads\/usu1845\/2024\/03\/IMG_20240304_155924-2048x922.jpg 2048w\" sizes=\"auto, (max-width: 1024px) 100vw, 1024px\" \/><\/a><\/p>\n","protected":false},"excerpt":{"rendered":"<p>Hem acabat el trimestre amb unes sessions d&#8217;atletisme, practicant curses, salts i llan\u00e7aments de diferents tipus.<br \/>\nEl Roger, futur mestre d&#8217;EF, ens ha preparat unes classes ben divertites que ens han servit per posar-nos encara m\u00e9s en forma i aprendre i practicar tot el que l&#8217;atletisme&hellip;  <a href=\"https:\/\/agora.xtec.cat\/escoladetermens\/portada\/petites-grans-atletes\/\" title=\"Read Petites, grans atletes!\">Llegeix m\u00e9s\u00bb<\/a><\/p>\n","protected":false},"author":1,"featured_media":0,"comment_status":"open","ping_status":"closed","sticky":false,"template":"","format":"standard","meta":{"_bbp_topic_count":0,"_bbp_reply_count":0,"_bbp_total_topic_count":0,"_bbp_total_reply_count":0,"_bbp_voice_count":0,"_bbp_anonymous_reply_count":0,"_bbp_topic_count_hidden":0,"_bbp_reply_count_hidden":0,"_bbp_forum_subforum_count":0,"footnotes":""},"categories":[10,11,12,14,15,83,4,5],"tags":[397,398,399,400,149],"class_list":["post-7978","post","type-post","status-publish","format-standard","hentry","category-2n","category-3r","category-4t","category-5e","category-6e","category-ed-fisica","category-portada","category-primaria","tag-atletisme","tag-capacitats-condicionals","tag-curses","tag-llancaments","tag-salts"],"post_mailing_queue_ids":[],"_links":{"self":[{"href":"https:\/\/agora.xtec.cat\/escoladetermens\/wp-json\/wp\/v2\/posts\/7978","targetHints":{"allow":["GET"]}}],"collection":[{"href":"https:\/\/agora.xtec.cat\/escoladetermens\/wp-json\/wp\/v2\/posts"}],"about":[{"href":"https:\/\/agora.xtec.cat\/escoladetermens\/wp-json\/wp\/v2\/types\/post"}],"author":[{"embeddable":true,"href":"https:\/\/agora.xtec.cat\/escoladetermens\/wp-json\/wp\/v2\/users\/1"}],"replies":[{"embeddable":true,"href":"https:\/\/agora.xtec.cat\/escoladetermens\/wp-json\/wp\/v2\/comments?post=7978"}],"version-history":[{"count":2,"href":"https:\/\/agora.xtec.cat\/escoladetermens\/wp-json\/wp\/v2\/posts\/7978\/revisions"}],"predecessor-version":[{"id":7981,"href":"https:\/\/agora.xtec.cat\/escoladetermens\/wp-json\/wp\/v2\/posts\/7978\/revisions\/7981"}],"wp:attachment":[{"href":"https:\/\/agora.xtec.cat\/escoladetermens\/wp-json\/wp\/v2\/media?parent=7978"}],"wp:term":[{"taxonomy":"category","embeddable":true,"href":"https:\/\/agora.xtec.cat\/escoladetermens\/wp-json\/wp\/v2\/categories?post=7978"},{"taxonomy":"post_tag","embeddable":true,"href":"https:\/\/agora.xtec.cat\/escoladetermens\/wp-json\/wp\/v2\/tags?post=7978"}],"curies":[{"name":"wp","href":"https:\/\/api.w.org\/{rel}","templated":true}]}}