{"id":7959,"date":"2024-03-15T13:13:32","date_gmt":"2024-03-15T12:13:32","guid":{"rendered":"https:\/\/agora.xtec.cat\/escoladetermens\/?p=7959"},"modified":"2024-03-21T11:25:02","modified_gmt":"2024-03-21T10:25:02","slug":"racons-2n-trimestre-de-i3","status":"publish","type":"post","link":"https:\/\/agora.xtec.cat\/escoladetermens\/infantil\/racons-2n-trimestre-de-i3\/","title":{"rendered":"RACONS 2n TRIMESTRE  DE I3"},"content":{"rendered":"<p>A L&#8217;ESCOLA TREBALLEM LES MATEM\u00c0TIQUES I L&#8217;APRENENTATGE DE LA LLENGUA ORAL I ESCRITA AMB LA METODOLOG\u00cdA DE RACONS ENTRE D&#8217;ALTRES. AQU\u00cd US DEIXO UN TASTET D&#8217;ALGUNS DELS QUE HEM FET AQUEST SEGON TRIMESTRE A L&#8217;AULA DE I3!<\/p>\n<p><a href=\"https:\/\/photos.app.goo.gl\/Z1SifayTB51bdz4e7\"><img loading=\"lazy\" decoding=\"async\" class=\"alignnone wp-image-7654\" src=\"https:\/\/agora.xtec.cat\/escoladetermens\/wp-content\/uploads\/usu1845\/2023\/10\/racons-de-treball.png\" alt=\"\" width=\"152\" height=\"82\" srcset=\"https:\/\/agora.xtec.cat\/escoladetermens\/wp-content\/uploads\/usu1845\/2023\/10\/racons-de-treball.png 305w, https:\/\/agora.xtec.cat\/escoladetermens\/wp-content\/uploads\/usu1845\/2023\/10\/racons-de-treball-300x162.png 300w\" sizes=\"auto, (max-width: 152px) 100vw, 152px\" \/>\u00a0\u00a0\u00a0 <\/a><a href=\"https:\/\/photos.app.goo.gl\/MmW9csSrBDoirGG46\"><img loading=\"lazy\" decoding=\"async\" class=\"alignnone wp-image-7487\" src=\"https:\/\/agora.xtec.cat\/escoladetermens\/wp-content\/uploads\/usu1845\/2023\/06\/simbolic.jpg\" alt=\"\" width=\"128\" height=\"96\" srcset=\"https:\/\/agora.xtec.cat\/escoladetermens\/wp-content\/uploads\/usu1845\/2023\/06\/simbolic.jpg 259w, https:\/\/agora.xtec.cat\/escoladetermens\/wp-content\/uploads\/usu1845\/2023\/06\/simbolic-200x150.jpg 200w\" sizes=\"auto, (max-width: 128px) 100vw, 128px\" \/>\u00a0\u00a0 <\/a><a href=\"https:\/\/photos.app.goo.gl\/dbYa39DCJ4LbeeDcA\"><img loading=\"lazy\" decoding=\"async\" class=\"alignnone wp-image-7486\" src=\"https:\/\/agora.xtec.cat\/escoladetermens\/wp-content\/uploads\/usu1845\/2023\/06\/volums.jpg\" alt=\"\" width=\"174\" height=\"174\" srcset=\"https:\/\/agora.xtec.cat\/escoladetermens\/wp-content\/uploads\/usu1845\/2023\/06\/volums.jpg 225w, https:\/\/agora.xtec.cat\/escoladetermens\/wp-content\/uploads\/usu1845\/2023\/06\/volums-150x150.jpg 150w\" sizes=\"auto, (max-width: 174px) 100vw, 174px\" \/><\/a><\/p>\n","protected":false},"excerpt":{"rendered":"<p>A L&#8217;ESCOLA TREBALLEM LES MATEM\u00c0TIQUES I L&#8217;APRENENTATGE DE LA LLENGUA ORAL I ESCRITA AMB LA METODOLOG\u00cdA DE RACONS ENTRE D&#8217;ALTRES. AQU\u00cd US DEIXO UN TASTET D&#8217;ALGUNS DELS QUE HEM FET AQUEST SEGON TRIMESTRE A L&#8217;AULA DE I3!<br \/>\n<a href=\"https:\/\/photos.app.goo.gl\/Z1SifayTB51bdz4e7\">\u00a0\u00a0\u00a0 <\/a><a href=\"https:\/\/photos.app.goo.gl\/MmW9csSrBDoirGG46\">\u00a0\u00a0 <\/a><a href=\"https:\/\/photos.app.goo.gl\/dbYa39DCJ4LbeeDcA\"><\/a><\/p>\n","protected":false},"author":1,"featured_media":0,"comment_status":"open","ping_status":"closed","sticky":false,"template":"","format":"standard","meta":{"_bbp_topic_count":0,"_bbp_reply_count":0,"_bbp_total_topic_count":0,"_bbp_total_reply_count":0,"_bbp_voice_count":0,"_bbp_anonymous_reply_count":0,"_bbp_topic_count_hidden":0,"_bbp_reply_count_hidden":0,"_bbp_forum_subforum_count":0,"footnotes":""},"categories":[3,2,4],"tags":[],"class_list":["post-7959","post","type-post","status-publish","format-standard","hentry","category-i3-i4","category-infantil","category-portada"],"post_mailing_queue_ids":[],"_links":{"self":[{"href":"https:\/\/agora.xtec.cat\/escoladetermens\/wp-json\/wp\/v2\/posts\/7959","targetHints":{"allow":["GET"]}}],"collection":[{"href":"https:\/\/agora.xtec.cat\/escoladetermens\/wp-json\/wp\/v2\/posts"}],"about":[{"href":"https:\/\/agora.xtec.cat\/escoladetermens\/wp-json\/wp\/v2\/types\/post"}],"author":[{"embeddable":true,"href":"https:\/\/agora.xtec.cat\/escoladetermens\/wp-json\/wp\/v2\/users\/1"}],"replies":[{"embeddable":true,"href":"https:\/\/agora.xtec.cat\/escoladetermens\/wp-json\/wp\/v2\/comments?post=7959"}],"version-history":[{"count":2,"href":"https:\/\/agora.xtec.cat\/escoladetermens\/wp-json\/wp\/v2\/posts\/7959\/revisions"}],"predecessor-version":[{"id":7967,"href":"https:\/\/agora.xtec.cat\/escoladetermens\/wp-json\/wp\/v2\/posts\/7959\/revisions\/7967"}],"wp:attachment":[{"href":"https:\/\/agora.xtec.cat\/escoladetermens\/wp-json\/wp\/v2\/media?parent=7959"}],"wp:term":[{"taxonomy":"category","embeddable":true,"href":"https:\/\/agora.xtec.cat\/escoladetermens\/wp-json\/wp\/v2\/categories?post=7959"},{"taxonomy":"post_tag","embeddable":true,"href":"https:\/\/agora.xtec.cat\/escoladetermens\/wp-json\/wp\/v2\/tags?post=7959"}],"curies":[{"name":"wp","href":"https:\/\/api.w.org\/{rel}","templated":true}]}}