{"id":7951,"date":"2024-03-15T08:51:01","date_gmt":"2024-03-15T07:51:01","guid":{"rendered":"https:\/\/agora.xtec.cat\/escoladetermens\/?p=7951"},"modified":"2024-03-15T08:52:13","modified_gmt":"2024-03-15T07:52:13","slug":"xx-certamen-lectura-en-veu-alta","status":"publish","type":"post","link":"https:\/\/agora.xtec.cat\/escoladetermens\/portada\/xx-certamen-lectura-en-veu-alta\/","title":{"rendered":"XX Certamen Lectura en Veu Alta"},"content":{"rendered":"<p>La Fundaci\u00f3 Enciclop\u00e8dia Catalana i el Departament d\u2019Educaci\u00f3 de la Generalitat de Catalunya organitzen el<strong>\u00a0<\/strong><strong>Certamen Nacional Infantil I Juvenil de Lectura en veu alta<\/strong>.<\/p>\n<p>Aquest <strong>dijous 14 de mar\u00e7<\/strong> s&#8217;ha celebrat les <strong>semifinals de la Noguera<\/strong> al teatre municipal de <strong>Balaguer<\/strong>, participant per <strong>C. Mitj\u00e0: Roger Casamitjana Garde\u00f1es (4t) i Maria Romero Balcells (4t) i per C. Superior: J\u00falia Pascual Pujol (6\u00e8) i Marc Balaguer Esteve (5\u00e8).<\/strong><\/p>\n<p>Enguany ha hagut un r\u00e8cord d&#8217;escoles participants, i totes i tots els lectors han estat impressionants, per\u00f2 l&#8217;escola Alfred Potrony de T\u00e9rmens no ha aconseguit arribar a la final.<\/p>\n<p style=\"text-align: center;\"><em>Clica damunt de la foto, i podr\u00e0s escoltar lo b\u00e9 que ho han fet!<\/em><\/p>\n<p><a href=\"https:\/\/photos.app.goo.gl\/dLcfuohq7g2UKjNK7\"><img loading=\"lazy\" decoding=\"async\" class=\"aligncenter size-medium wp-image-7953\" src=\"https:\/\/agora.xtec.cat\/escoladetermens\/wp-content\/uploads\/usu1845\/2024\/03\/WhatsApp-Image-2024-03-14-at-23.35.46-1-300x135.jpeg\" alt=\"\" width=\"300\" height=\"135\" srcset=\"https:\/\/agora.xtec.cat\/escoladetermens\/wp-content\/uploads\/usu1845\/2024\/03\/WhatsApp-Image-2024-03-14-at-23.35.46-1-300x135.jpeg 300w, https:\/\/agora.xtec.cat\/escoladetermens\/wp-content\/uploads\/usu1845\/2024\/03\/WhatsApp-Image-2024-03-14-at-23.35.46-1-1024x461.jpeg 1024w, https:\/\/agora.xtec.cat\/escoladetermens\/wp-content\/uploads\/usu1845\/2024\/03\/WhatsApp-Image-2024-03-14-at-23.35.46-1-768x346.jpeg 768w, https:\/\/agora.xtec.cat\/escoladetermens\/wp-content\/uploads\/usu1845\/2024\/03\/WhatsApp-Image-2024-03-14-at-23.35.46-1-1536x691.jpeg 1536w, https:\/\/agora.xtec.cat\/escoladetermens\/wp-content\/uploads\/usu1845\/2024\/03\/WhatsApp-Image-2024-03-14-at-23.35.46-1.jpeg 2000w\" sizes=\"auto, (max-width: 300px) 100vw, 300px\" \/><\/a><\/p>\n<p style=\"text-align: center;\"><em><strong>Un fort aplaudiment pels nostres representants!<\/strong><\/em><\/p>\n","protected":false},"excerpt":{"rendered":"<p>La Fundaci\u00f3 Enciclop\u00e8dia Catalana i el Departament d\u2019Educaci\u00f3 de la Generalitat de Catalunya organitzen el\u00a0Certamen Nacional Infantil I Juvenil de Lectura en veu alta.<br \/>\nAquest dijous 14 de mar\u00e7 s&#8217;ha celebrat les semifinals de la Noguera al teatre municipal de Balaguer, participant per C. Mitj\u00e0: Roger&hellip;  <a href=\"https:\/\/agora.xtec.cat\/escoladetermens\/portada\/xx-certamen-lectura-en-veu-alta\/\" title=\"Read XX Certamen Lectura en Veu Alta\">Llegeix m\u00e9s\u00bb<\/a><\/p>\n","protected":false},"author":1,"featured_media":0,"comment_status":"open","ping_status":"closed","sticky":false,"template":"","format":"standard","meta":{"_bbp_topic_count":0,"_bbp_reply_count":0,"_bbp_total_topic_count":0,"_bbp_total_reply_count":0,"_bbp_voice_count":0,"_bbp_anonymous_reply_count":0,"_bbp_topic_count_hidden":0,"_bbp_reply_count_hidden":0,"_bbp_forum_subforum_count":0,"footnotes":""},"categories":[12,14,15,4],"tags":[],"class_list":["post-7951","post","type-post","status-publish","format-standard","hentry","category-4t","category-5e","category-6e","category-portada"],"post_mailing_queue_ids":[],"_links":{"self":[{"href":"https:\/\/agora.xtec.cat\/escoladetermens\/wp-json\/wp\/v2\/posts\/7951","targetHints":{"allow":["GET"]}}],"collection":[{"href":"https:\/\/agora.xtec.cat\/escoladetermens\/wp-json\/wp\/v2\/posts"}],"about":[{"href":"https:\/\/agora.xtec.cat\/escoladetermens\/wp-json\/wp\/v2\/types\/post"}],"author":[{"embeddable":true,"href":"https:\/\/agora.xtec.cat\/escoladetermens\/wp-json\/wp\/v2\/users\/1"}],"replies":[{"embeddable":true,"href":"https:\/\/agora.xtec.cat\/escoladetermens\/wp-json\/wp\/v2\/comments?post=7951"}],"version-history":[{"count":3,"href":"https:\/\/agora.xtec.cat\/escoladetermens\/wp-json\/wp\/v2\/posts\/7951\/revisions"}],"predecessor-version":[{"id":7956,"href":"https:\/\/agora.xtec.cat\/escoladetermens\/wp-json\/wp\/v2\/posts\/7951\/revisions\/7956"}],"wp:attachment":[{"href":"https:\/\/agora.xtec.cat\/escoladetermens\/wp-json\/wp\/v2\/media?parent=7951"}],"wp:term":[{"taxonomy":"category","embeddable":true,"href":"https:\/\/agora.xtec.cat\/escoladetermens\/wp-json\/wp\/v2\/categories?post=7951"},{"taxonomy":"post_tag","embeddable":true,"href":"https:\/\/agora.xtec.cat\/escoladetermens\/wp-json\/wp\/v2\/tags?post=7951"}],"curies":[{"name":"wp","href":"https:\/\/api.w.org\/{rel}","templated":true}]}}