{"id":7891,"date":"2024-02-19T16:56:47","date_gmt":"2024-02-19T15:56:47","guid":{"rendered":"https:\/\/agora.xtec.cat\/escoladetermens\/?p=7891"},"modified":"2024-03-03T23:45:26","modified_gmt":"2024-03-03T22:45:26","slug":"univers","status":"publish","type":"post","link":"https:\/\/agora.xtec.cat\/escoladetermens\/infantil\/i3-i4\/univers\/","title":{"rendered":"UNIVERS"},"content":{"rendered":"<p style=\"text-align: center;\">Enguany el nostre <em><strong>Projecte Interdisdisciplinari<\/strong><\/em> va sobre l&#8217;<strong>UNIVERS<\/strong>!!!<\/p>\n<p>-Comencem la setmana amb la teoria del <strong>BIG BANG<\/strong>: Creaci\u00f3 de l&#8217;<strong><em>UNIVERS a partir d&#8217;una explosi\u00f3, que encara avui s&#8217;est\u00e0 expandint<\/em><\/strong>.<\/p>\n<p>-Taller d&#8217;<strong>ASTRONOMIA:\u00a0<\/strong>l&#8217;Albert, pare del Marc i l&#8217;Odei, ens ha explicat i ensenyat el funcionament dels <strong>TELESCOPIS<\/strong>.<\/p>\n<p style=\"text-align: center;\"><strong><em>Moltes Gr\u00e0cies, ALBERT!<\/em><\/strong><\/p>\n<p>&#8211;<strong>Conte<\/strong>\u00a0 C. Inicial: la Maria, mare del Sebasti\u00e0, ha explicat un conte sobre l&#8217;<strong>origen de la Terra<\/strong> al grup de 1r i 2n.<\/p>\n<p style=\"text-align: center;\"><em><strong>Moltes Gr\u00e0cies, MARIA!<\/strong><\/em><\/p>\n<p>&#8211;<strong>Conte<\/strong> Educ. Infantil: l&#8217;Anna, mare de la Gina d&#8217;I5, ha explicat el conte <strong>ON \u00c9S LA LLUNA?<\/strong> a I3 i I5.<\/p>\n<p style=\"text-align: center;\"><em><strong>Moltes gr\u00e0cies, ANNA!<\/strong><\/em><\/p>\n<p>-Taller <strong>Musical sobre Planetes<\/strong>, la S\u00edlvia, mare de la Caterina, ens ha parlat de Gustau Holst, gran compositor, qui va escriure &#8220;The Planets&#8221;, suit per orquestra.<\/p>\n<p style=\"text-align: center;\"><em><strong>Moltes gr\u00e0cies, S\u00cdLVIA!<\/strong><\/em><\/p>\n<p style=\"text-align: left;\">&#8211;<strong>Presentacions + Exposicions<\/strong>: Tota l&#8217;escola ha exposat els treballs i presentacions orals sobre l&#8217;<strong>UNIVERS<\/strong>!<\/p>\n<p style=\"text-align: center;\"><em><strong>Super interessant!<\/strong><\/em><\/p>\n<p style=\"text-align: center;\"><em>Cliqueu damunt dels elements per veure FOTOS!<\/em><\/p>\n<div style=\"position: relative; width: 100%; height: 0; padding-top: 100.0000%; padding-bottom: 0; box-shadow: 0 2px 8px 0 rgba(63,69,81,0.16); margin-top: 1.6em; margin-bottom: 0.9em; overflow: hidden; border-radius: 8px; will-change: transform;\"><iframe style=\"position: absolute; width: 100%; height: 100%; top: 0; left: 0; border: none; padding: 0; margin: 0;\" src=\"https:\/\/www.canva.com\/design\/DAF9QB3TvFo\/JwrybicdhD_4gSiF6pVh9g\/view?embed\" allowfullscreen=\"allowfullscreen\"><br \/>\n<\/iframe><\/div>\n<p><a href=\"https:\/\/www.canva.com\/design\/DAF9QB3TvFo\/JwrybicdhD_4gSiF6pVh9g\/view?utm_content=DAF9QB3TvFo&amp;utm_campaign=designshare&amp;utm_medium=embeds&amp;utm_source=link\" target=\"_blank\" rel=\"noopener\">T&#8217;estimo mama! collage Publicaci\u00f3 d&#8217;Instagram<\/a> de Escola Alfred Potrony<\/p>\n<p>&nbsp;<\/p>\n","protected":false},"excerpt":{"rendered":"<p>Enguany el nostre Projecte Interdisdisciplinari va sobre l&#8217;UNIVERS!!!<br \/>\n-Comencem la setmana amb la teoria del BIG BANG: Creaci\u00f3 de l&#8217;UNIVERS a partir d&#8217;una explosi\u00f3, que encara avui s&#8217;est\u00e0 expandint.<br \/>\n-Taller d&#8217;ASTRONOMIA:\u00a0l&#8217;Albert, pare del Marc i l&#8217;Odei, ens ha explicat i ensenyat el funcionament dels TELESCOPIS.<br \/>\nMoltes Gr\u00e0cies, ALBERT!<br \/>\n&#8211;Conte\u00a0&hellip;  <a href=\"https:\/\/agora.xtec.cat\/escoladetermens\/infantil\/i3-i4\/univers\/\" title=\"Read UNIVERS\">Llegeix m\u00e9s\u00bb<\/a><\/p>\n","protected":false},"author":1,"featured_media":0,"comment_status":"open","ping_status":"closed","sticky":false,"template":"","format":"standard","meta":{"_bbp_topic_count":0,"_bbp_reply_count":0,"_bbp_total_topic_count":0,"_bbp_total_reply_count":0,"_bbp_voice_count":0,"_bbp_anonymous_reply_count":0,"_bbp_topic_count_hidden":0,"_bbp_reply_count_hidden":0,"_bbp_forum_subforum_count":0,"footnotes":""},"categories":[10,11,12,14,15,3,9,4,338],"tags":[],"class_list":["post-7891","post","type-post","status-publish","format-standard","hentry","category-2n","category-3r","category-4t","category-5e","category-6e","category-i3-i4","category-i5","category-portada","category-projecte-interdisciplinari"],"post_mailing_queue_ids":[],"_links":{"self":[{"href":"https:\/\/agora.xtec.cat\/escoladetermens\/wp-json\/wp\/v2\/posts\/7891","targetHints":{"allow":["GET"]}}],"collection":[{"href":"https:\/\/agora.xtec.cat\/escoladetermens\/wp-json\/wp\/v2\/posts"}],"about":[{"href":"https:\/\/agora.xtec.cat\/escoladetermens\/wp-json\/wp\/v2\/types\/post"}],"author":[{"embeddable":true,"href":"https:\/\/agora.xtec.cat\/escoladetermens\/wp-json\/wp\/v2\/users\/1"}],"replies":[{"embeddable":true,"href":"https:\/\/agora.xtec.cat\/escoladetermens\/wp-json\/wp\/v2\/comments?post=7891"}],"version-history":[{"count":6,"href":"https:\/\/agora.xtec.cat\/escoladetermens\/wp-json\/wp\/v2\/posts\/7891\/revisions"}],"predecessor-version":[{"id":7920,"href":"https:\/\/agora.xtec.cat\/escoladetermens\/wp-json\/wp\/v2\/posts\/7891\/revisions\/7920"}],"wp:attachment":[{"href":"https:\/\/agora.xtec.cat\/escoladetermens\/wp-json\/wp\/v2\/media?parent=7891"}],"wp:term":[{"taxonomy":"category","embeddable":true,"href":"https:\/\/agora.xtec.cat\/escoladetermens\/wp-json\/wp\/v2\/categories?post=7891"},{"taxonomy":"post_tag","embeddable":true,"href":"https:\/\/agora.xtec.cat\/escoladetermens\/wp-json\/wp\/v2\/tags?post=7891"}],"curies":[{"name":"wp","href":"https:\/\/api.w.org\/{rel}","templated":true}]}}