{"id":7884,"date":"2024-02-16T19:45:59","date_gmt":"2024-02-16T18:45:59","guid":{"rendered":"https:\/\/agora.xtec.cat\/escoladetermens\/?p=7884"},"modified":"2024-02-16T19:47:13","modified_gmt":"2024-02-16T18:47:13","slug":"visita-astronomica-a-ins-maria-rubies","status":"publish","type":"post","link":"https:\/\/agora.xtec.cat\/escoladetermens\/portada\/visita-astronomica-a-ins-maria-rubies\/","title":{"rendered":"Visita Astron\u00f2mica a INS Maria R\u00fabies"},"content":{"rendered":"<p>En aquesta\u00a0 visita han participat en una <em>activitat astron\u00f2mica,<\/em> on un grup d&#8217;alumnes de <strong>3r i 4t d&#8217;ESO<\/strong>, aficionats a la ci\u00e8ncia, han explicat l&#8217;<strong>UNIVERS<\/strong> amb l&#8217;ajuda d&#8217;una p\u00e0gina web, super interessant!<\/p>\n<p>Tamb\u00e9 han pujat a la c\u00fapula i han vist el super telescopi.<\/p>\n<p>Tot aix\u00f2 ha estat la introducci\u00f3 al Projecte interdisciplinari sobre l&#8217;UNIVERS que s&#8217;inicia la setmana vinent.<\/p>\n<p>Agra\u00efm a la Montse Castany, mare de l&#8217;Amy i la Gina, el poder gaudir d&#8217;aquesta Visita Astron\u00f2mica!<\/p>\n<p><a href=\"https:\/\/photos.app.goo.gl\/sw4YTzKaQkiUjjAR9\"><img loading=\"lazy\" decoding=\"async\" class=\"aligncenter size-medium wp-image-7885\" src=\"https:\/\/agora.xtec.cat\/escoladetermens\/wp-content\/uploads\/usu1845\/2024\/02\/WhatsApp-Image-2024-02-16-at-16.45.13-1-COLLAGE-300x300.jpg\" alt=\"\" width=\"300\" height=\"300\" srcset=\"https:\/\/agora.xtec.cat\/escoladetermens\/wp-content\/uploads\/usu1845\/2024\/02\/WhatsApp-Image-2024-02-16-at-16.45.13-1-COLLAGE-300x300.jpg 300w, https:\/\/agora.xtec.cat\/escoladetermens\/wp-content\/uploads\/usu1845\/2024\/02\/WhatsApp-Image-2024-02-16-at-16.45.13-1-COLLAGE-1024x1024.jpg 1024w, https:\/\/agora.xtec.cat\/escoladetermens\/wp-content\/uploads\/usu1845\/2024\/02\/WhatsApp-Image-2024-02-16-at-16.45.13-1-COLLAGE-150x150.jpg 150w, https:\/\/agora.xtec.cat\/escoladetermens\/wp-content\/uploads\/usu1845\/2024\/02\/WhatsApp-Image-2024-02-16-at-16.45.13-1-COLLAGE-768x768.jpg 768w, https:\/\/agora.xtec.cat\/escoladetermens\/wp-content\/uploads\/usu1845\/2024\/02\/WhatsApp-Image-2024-02-16-at-16.45.13-1-COLLAGE-1536x1536.jpg 1536w, https:\/\/agora.xtec.cat\/escoladetermens\/wp-content\/uploads\/usu1845\/2024\/02\/WhatsApp-Image-2024-02-16-at-16.45.13-1-COLLAGE.jpg 1902w\" sizes=\"auto, (max-width: 300px) 100vw, 300px\" \/><\/a><\/p>\n","protected":false},"excerpt":{"rendered":"<p>En aquesta\u00a0 visita han participat en una activitat astron\u00f2mica, on un grup d&#8217;alumnes de 3r i 4t d&#8217;ESO, aficionats a la ci\u00e8ncia, han explicat l&#8217;UNIVERS amb l&#8217;ajuda d&#8217;una p\u00e0gina web, super interessant!<br \/>\nTamb\u00e9 han pujat a la c\u00fapula i han vist el super telescopi.<br \/>\nTot aix\u00f2 ha&hellip;  <a href=\"https:\/\/agora.xtec.cat\/escoladetermens\/portada\/visita-astronomica-a-ins-maria-rubies\/\" title=\"Read Visita Astron\u00f2mica a INS Maria R\u00fabies\">Llegeix m\u00e9s\u00bb<\/a><\/p>\n","protected":false},"author":1,"featured_media":0,"comment_status":"open","ping_status":"closed","sticky":false,"template":"","format":"standard","meta":{"_bbp_topic_count":0,"_bbp_reply_count":0,"_bbp_total_topic_count":0,"_bbp_total_reply_count":0,"_bbp_voice_count":0,"_bbp_anonymous_reply_count":0,"_bbp_topic_count_hidden":0,"_bbp_reply_count_hidden":0,"_bbp_forum_subforum_count":0,"footnotes":""},"categories":[14,15,4,338],"tags":[],"class_list":["post-7884","post","type-post","status-publish","format-standard","hentry","category-5e","category-6e","category-portada","category-projecte-interdisciplinari"],"post_mailing_queue_ids":[],"_links":{"self":[{"href":"https:\/\/agora.xtec.cat\/escoladetermens\/wp-json\/wp\/v2\/posts\/7884","targetHints":{"allow":["GET"]}}],"collection":[{"href":"https:\/\/agora.xtec.cat\/escoladetermens\/wp-json\/wp\/v2\/posts"}],"about":[{"href":"https:\/\/agora.xtec.cat\/escoladetermens\/wp-json\/wp\/v2\/types\/post"}],"author":[{"embeddable":true,"href":"https:\/\/agora.xtec.cat\/escoladetermens\/wp-json\/wp\/v2\/users\/1"}],"replies":[{"embeddable":true,"href":"https:\/\/agora.xtec.cat\/escoladetermens\/wp-json\/wp\/v2\/comments?post=7884"}],"version-history":[{"count":2,"href":"https:\/\/agora.xtec.cat\/escoladetermens\/wp-json\/wp\/v2\/posts\/7884\/revisions"}],"predecessor-version":[{"id":7887,"href":"https:\/\/agora.xtec.cat\/escoladetermens\/wp-json\/wp\/v2\/posts\/7884\/revisions\/7887"}],"wp:attachment":[{"href":"https:\/\/agora.xtec.cat\/escoladetermens\/wp-json\/wp\/v2\/media?parent=7884"}],"wp:term":[{"taxonomy":"category","embeddable":true,"href":"https:\/\/agora.xtec.cat\/escoladetermens\/wp-json\/wp\/v2\/categories?post=7884"},{"taxonomy":"post_tag","embeddable":true,"href":"https:\/\/agora.xtec.cat\/escoladetermens\/wp-json\/wp\/v2\/tags?post=7884"}],"curies":[{"name":"wp","href":"https:\/\/api.w.org\/{rel}","templated":true}]}}