{"id":7778,"date":"2023-12-15T15:47:32","date_gmt":"2023-12-15T14:47:32","guid":{"rendered":"https:\/\/agora.xtec.cat\/escoladetermens\/?p=7778"},"modified":"2023-12-18T13:48:16","modified_gmt":"2023-12-18T12:48:16","slug":"la-norah-protagonista-i3-daquesta-setmana","status":"publish","type":"post","link":"https:\/\/agora.xtec.cat\/escoladetermens\/infantil\/la-norah-protagonista-i3-daquesta-setmana\/","title":{"rendered":"LA NORAH PROTAGON\u00cdSTA I3 D&#8217;AQUESTA SETMANA"},"content":{"rendered":"<p>Avui la protagon\u00edsta de la setmana ha estat la Norah i hem tingut a l&#8217;aula la visita de la Gloria, la seva mare.<\/p>\n<p>Ens ha preparat un taller molt xulo on hem apr\u00e8s moltes coses sobre Ghana, que \u00e9s el seu pa\u00eds d&#8217;origen. Com vesteixen, com ballen, quines s\u00f3n les fruites que cultiven, un joc tradicional, molt semblant al nostre de l&#8217;espardenyeta a la cus cus&#8230;<\/p>\n<p>Ens ho hem passat genial!<\/p>\n<p>Moltes gr\u00e0cies Gloria!<\/p>\n<p>Avui amb la visita de la Gloria acabem el projecte del protagonista de la setmana. Aprofito l&#8217;avinentesa, per felicitar i agrair la implicaci\u00f3 de totes les fam\u00edlies amb el projecte i l&#8217;escola.<\/p>\n<p><a href=\"https:\/\/photos.app.goo.gl\/j1EthgCj84LacuZdA\"><img loading=\"lazy\" decoding=\"async\" class=\"wp-image-7779 aligncenter\" src=\"https:\/\/agora.xtec.cat\/escoladetermens\/wp-content\/uploads\/usu1845\/2023\/12\/20231215_105629-1024x816.jpg\" alt=\"\" width=\"319\" height=\"254\" srcset=\"https:\/\/agora.xtec.cat\/escoladetermens\/wp-content\/uploads\/usu1845\/2023\/12\/20231215_105629-1024x816.jpg 1024w, https:\/\/agora.xtec.cat\/escoladetermens\/wp-content\/uploads\/usu1845\/2023\/12\/20231215_105629-300x239.jpg 300w, https:\/\/agora.xtec.cat\/escoladetermens\/wp-content\/uploads\/usu1845\/2023\/12\/20231215_105629-768x612.jpg 768w, https:\/\/agora.xtec.cat\/escoladetermens\/wp-content\/uploads\/usu1845\/2023\/12\/20231215_105629-1536x1224.jpg 1536w, https:\/\/agora.xtec.cat\/escoladetermens\/wp-content\/uploads\/usu1845\/2023\/12\/20231215_105629-2048x1632.jpg 2048w\" sizes=\"auto, (max-width: 319px) 100vw, 319px\" \/><\/a><\/p>\n","protected":false},"excerpt":{"rendered":"<p>Avui la protagon\u00edsta de la setmana ha estat la Norah i hem tingut a l&#8217;aula la visita de la Gloria, la seva mare.<br \/>\nEns ha preparat un taller molt xulo on hem apr\u00e8s moltes coses sobre Ghana, que \u00e9s el seu pa\u00eds d&#8217;origen. Com vesteixen, com&hellip;  <a href=\"https:\/\/agora.xtec.cat\/escoladetermens\/infantil\/la-norah-protagonista-i3-daquesta-setmana\/\" title=\"Read LA NORAH PROTAGON\u00cdSTA I3 D&#8217;AQUESTA SETMANA\">Llegeix m\u00e9s\u00bb<\/a><\/p>\n","protected":false},"author":1,"featured_media":0,"comment_status":"open","ping_status":"closed","sticky":false,"template":"","format":"standard","meta":{"_bbp_topic_count":0,"_bbp_reply_count":0,"_bbp_total_topic_count":0,"_bbp_total_reply_count":0,"_bbp_voice_count":0,"_bbp_anonymous_reply_count":0,"_bbp_topic_count_hidden":0,"_bbp_reply_count_hidden":0,"_bbp_forum_subforum_count":0,"footnotes":""},"categories":[3,2,4],"tags":[],"class_list":["post-7778","post","type-post","status-publish","format-standard","hentry","category-i3-i4","category-infantil","category-portada"],"post_mailing_queue_ids":[],"_links":{"self":[{"href":"https:\/\/agora.xtec.cat\/escoladetermens\/wp-json\/wp\/v2\/posts\/7778","targetHints":{"allow":["GET"]}}],"collection":[{"href":"https:\/\/agora.xtec.cat\/escoladetermens\/wp-json\/wp\/v2\/posts"}],"about":[{"href":"https:\/\/agora.xtec.cat\/escoladetermens\/wp-json\/wp\/v2\/types\/post"}],"author":[{"embeddable":true,"href":"https:\/\/agora.xtec.cat\/escoladetermens\/wp-json\/wp\/v2\/users\/1"}],"replies":[{"embeddable":true,"href":"https:\/\/agora.xtec.cat\/escoladetermens\/wp-json\/wp\/v2\/comments?post=7778"}],"version-history":[{"count":3,"href":"https:\/\/agora.xtec.cat\/escoladetermens\/wp-json\/wp\/v2\/posts\/7778\/revisions"}],"predecessor-version":[{"id":7782,"href":"https:\/\/agora.xtec.cat\/escoladetermens\/wp-json\/wp\/v2\/posts\/7778\/revisions\/7782"}],"wp:attachment":[{"href":"https:\/\/agora.xtec.cat\/escoladetermens\/wp-json\/wp\/v2\/media?parent=7778"}],"wp:term":[{"taxonomy":"category","embeddable":true,"href":"https:\/\/agora.xtec.cat\/escoladetermens\/wp-json\/wp\/v2\/categories?post=7778"},{"taxonomy":"post_tag","embeddable":true,"href":"https:\/\/agora.xtec.cat\/escoladetermens\/wp-json\/wp\/v2\/tags?post=7778"}],"curies":[{"name":"wp","href":"https:\/\/api.w.org\/{rel}","templated":true}]}}