{"id":7755,"date":"2023-12-05T12:39:12","date_gmt":"2023-12-05T11:39:12","guid":{"rendered":"https:\/\/agora.xtec.cat\/escoladetermens\/?p=7755"},"modified":"2023-12-05T12:40:18","modified_gmt":"2023-12-05T11:40:18","slug":"laxel-el-protagonista-di3-de-la-setmana","status":"publish","type":"post","link":"https:\/\/agora.xtec.cat\/escoladetermens\/general\/laxel-el-protagonista-di3-de-la-setmana\/","title":{"rendered":"L&#8217;AXEL EL PROTAGON\u00cdSTA D&#8217;I3 DE LA SETMANA"},"content":{"rendered":"<p>Aquest dilluns ha estat molt especial pel grup d&#8217;I3, ja que el pare i la mare de l&#8217;\u00c0xel han vingut ha compartir una estona de joc amb nosltres i ens han explicat les seves professions.<\/p>\n<p>Aix\u00f2 ens ha servit per coneixer una mica m\u00e9s a l&#8217;\u00c0xel i a la seva fam\u00edlia.<\/p>\n<p>Moltes gr\u00e0cies Anna i Jordi per els jocs i activitats tant xules que ens heu preparat ens han encantat.<\/p>\n<p>Una abra\u00e7ada i fins una altra!<\/p>\n<p>Us deixo un recull d&#8217;imatges perqu\u00e8 ho pugueu disfrutar gaireb\u00e9 tant com nosaltres!<\/p>\n<p><a href=\"https:\/\/photos.app.goo.gl\/SWH6xmNwxTiSrki19\"><img loading=\"lazy\" decoding=\"async\" class=\"wp-image-7758 aligncenter\" src=\"https:\/\/agora.xtec.cat\/escoladetermens\/wp-content\/uploads\/usu1845\/2023\/12\/foto-reduida-1024x768.jpg\" alt=\"\" width=\"567\" height=\"425\" srcset=\"https:\/\/agora.xtec.cat\/escoladetermens\/wp-content\/uploads\/usu1845\/2023\/12\/foto-reduida-1024x768.jpg 1024w, https:\/\/agora.xtec.cat\/escoladetermens\/wp-content\/uploads\/usu1845\/2023\/12\/foto-reduida-300x225.jpg 300w, https:\/\/agora.xtec.cat\/escoladetermens\/wp-content\/uploads\/usu1845\/2023\/12\/foto-reduida-768x576.jpg 768w, https:\/\/agora.xtec.cat\/escoladetermens\/wp-content\/uploads\/usu1845\/2023\/12\/foto-reduida-1536x1152.jpg 1536w, https:\/\/agora.xtec.cat\/escoladetermens\/wp-content\/uploads\/usu1845\/2023\/12\/foto-reduida-2048x1536.jpg 2048w, https:\/\/agora.xtec.cat\/escoladetermens\/wp-content\/uploads\/usu1845\/2023\/12\/foto-reduida-200x150.jpg 200w\" sizes=\"auto, (max-width: 567px) 100vw, 567px\" \/><\/a><\/p>\n<p>&nbsp;<\/p>\n","protected":false},"excerpt":{"rendered":"<p>Aquest dilluns ha estat molt especial pel grup d&#8217;I3, ja que el pare i la mare de l&#8217;\u00c0xel han vingut ha compartir una estona de joc amb nosltres i ens han explicat les seves professions.<br \/>\nAix\u00f2 ens ha servit per coneixer una mica m\u00e9s a l&#8217;\u00c0xel&hellip;  <a href=\"https:\/\/agora.xtec.cat\/escoladetermens\/general\/laxel-el-protagonista-di3-de-la-setmana\/\" title=\"Read L&#8217;AXEL EL PROTAGON\u00cdSTA D&#8217;I3 DE LA SETMANA\">Llegeix m\u00e9s\u00bb<\/a><\/p>\n","protected":false},"author":1,"featured_media":0,"comment_status":"open","ping_status":"closed","sticky":false,"template":"","format":"standard","meta":{"_bbp_topic_count":0,"_bbp_reply_count":0,"_bbp_total_topic_count":0,"_bbp_total_reply_count":0,"_bbp_voice_count":0,"_bbp_anonymous_reply_count":0,"_bbp_topic_count_hidden":0,"_bbp_reply_count_hidden":0,"_bbp_forum_subforum_count":0,"footnotes":""},"categories":[1,3,4],"tags":[],"class_list":["post-7755","post","type-post","status-publish","format-standard","hentry","category-general","category-i3-i4","category-portada"],"post_mailing_queue_ids":[],"_links":{"self":[{"href":"https:\/\/agora.xtec.cat\/escoladetermens\/wp-json\/wp\/v2\/posts\/7755","targetHints":{"allow":["GET"]}}],"collection":[{"href":"https:\/\/agora.xtec.cat\/escoladetermens\/wp-json\/wp\/v2\/posts"}],"about":[{"href":"https:\/\/agora.xtec.cat\/escoladetermens\/wp-json\/wp\/v2\/types\/post"}],"author":[{"embeddable":true,"href":"https:\/\/agora.xtec.cat\/escoladetermens\/wp-json\/wp\/v2\/users\/1"}],"replies":[{"embeddable":true,"href":"https:\/\/agora.xtec.cat\/escoladetermens\/wp-json\/wp\/v2\/comments?post=7755"}],"version-history":[{"count":4,"href":"https:\/\/agora.xtec.cat\/escoladetermens\/wp-json\/wp\/v2\/posts\/7755\/revisions"}],"predecessor-version":[{"id":7761,"href":"https:\/\/agora.xtec.cat\/escoladetermens\/wp-json\/wp\/v2\/posts\/7755\/revisions\/7761"}],"wp:attachment":[{"href":"https:\/\/agora.xtec.cat\/escoladetermens\/wp-json\/wp\/v2\/media?parent=7755"}],"wp:term":[{"taxonomy":"category","embeddable":true,"href":"https:\/\/agora.xtec.cat\/escoladetermens\/wp-json\/wp\/v2\/categories?post=7755"},{"taxonomy":"post_tag","embeddable":true,"href":"https:\/\/agora.xtec.cat\/escoladetermens\/wp-json\/wp\/v2\/tags?post=7755"}],"curies":[{"name":"wp","href":"https:\/\/api.w.org\/{rel}","templated":true}]}}