{"id":7754,"date":"2023-12-05T12:50:53","date_gmt":"2023-12-05T11:50:53","guid":{"rendered":"https:\/\/agora.xtec.cat\/escoladetermens\/?p=7754"},"modified":"2023-12-05T15:32:14","modified_gmt":"2023-12-05T14:32:14","slug":"les-botigues-de-termens-a-i-5","status":"publish","type":"post","link":"https:\/\/agora.xtec.cat\/escoladetermens\/portada\/les-botigues-de-termens-a-i-5\/","title":{"rendered":"LES BOTIGUES DE T\u00c9RMENS A I-5"},"content":{"rendered":"<p>ELS INFANTS D&#8217;\u00a0 I-5 HEM FET EL PROJECTE DE LES BOTIGUES QUE HI HA A T\u00c9RMENS .<\/p>\n<p>DURANT TOT EL PRIMER TRIMESTRE HEM ANAT DESCOBRINT LES BOTIGUES DEL POBLE, TOT PASSEJANT PER LA POBLACI\u00d3.<\/p>\n<p>VAM COMEN\u00c7AR ANANT A LA FARMACIA ON ENS VAN ENSENYAR EL LABORATORI,UN ALTRE DIA\u00a0 A LA COPE , ON VAM VEURE EL FORN DE PA . HEM PASSAT PER LA MERCERIA DE LA LLU\u00cfSA.<\/p>\n<p>TAMB\u00c9 HEM PASSEJAT PEL PLUS, PEL SUPER O ALIMENTACI\u00d3 FARR\u00c0S ,ON ENS VA SORPRENDRE LA CARNISSERIA.<\/p>\n<p>HEM VISITAT LA PEIXATERIA, LA PASTISSERIA POU AMB TOT TIPUS DE PANS, COCA&#8230;<\/p>\n<p>ENS HA\u00a0 AGRADAT MOLT !!!<\/p>\n<p><a href=\"https:\/\/photos.app.goo.gl\/B1p1nTMS4qfsYf8a8\"><img loading=\"lazy\" decoding=\"async\" class=\"alignnone size-large wp-image-7762\" src=\"https:\/\/agora.xtec.cat\/escoladetermens\/wp-content\/uploads\/usu1845\/2023\/12\/IMG_4670-2-1004x1024.jpg\" alt=\"\" width=\"1004\" height=\"1024\" srcset=\"https:\/\/agora.xtec.cat\/escoladetermens\/wp-content\/uploads\/usu1845\/2023\/12\/IMG_4670-2-1004x1024.jpg 1004w, https:\/\/agora.xtec.cat\/escoladetermens\/wp-content\/uploads\/usu1845\/2023\/12\/IMG_4670-2-294x300.jpg 294w, https:\/\/agora.xtec.cat\/escoladetermens\/wp-content\/uploads\/usu1845\/2023\/12\/IMG_4670-2-768x784.jpg 768w, https:\/\/agora.xtec.cat\/escoladetermens\/wp-content\/uploads\/usu1845\/2023\/12\/IMG_4670-2-1505x1536.jpg 1505w, https:\/\/agora.xtec.cat\/escoladetermens\/wp-content\/uploads\/usu1845\/2023\/12\/IMG_4670-2-2007x2048.jpg 2007w\" sizes=\"auto, (max-width: 1004px) 100vw, 1004px\" \/><\/a><\/p>\n","protected":false},"excerpt":{"rendered":"<p>ELS INFANTS D&#8217;\u00a0 I-5 HEM FET EL PROJECTE DE LES BOTIGUES QUE HI HA A T\u00c9RMENS .<br \/>\nDURANT TOT EL PRIMER TRIMESTRE HEM ANAT DESCOBRINT LES BOTIGUES DEL POBLE, TOT PASSEJANT PER LA POBLACI\u00d3.<br \/>\nVAM COMEN\u00c7AR ANANT A LA FARMACIA ON ENS VAN ENSENYAR EL LABORATORI,UN ALTRE&hellip;  <a href=\"https:\/\/agora.xtec.cat\/escoladetermens\/portada\/les-botigues-de-termens-a-i-5\/\" title=\"Read LES BOTIGUES DE T\u00c9RMENS A I-5\">Llegeix m\u00e9s\u00bb<\/a><\/p>\n","protected":false},"author":12,"featured_media":0,"comment_status":"open","ping_status":"closed","sticky":false,"template":"","format":"standard","meta":{"_bbp_topic_count":0,"_bbp_reply_count":0,"_bbp_total_topic_count":0,"_bbp_total_reply_count":0,"_bbp_voice_count":0,"_bbp_anonymous_reply_count":0,"_bbp_topic_count_hidden":0,"_bbp_reply_count_hidden":0,"_bbp_forum_subforum_count":0,"footnotes":""},"categories":[9,4],"tags":[],"class_list":["post-7754","post","type-post","status-publish","format-standard","hentry","category-i5","category-portada"],"post_mailing_queue_ids":[],"_links":{"self":[{"href":"https:\/\/agora.xtec.cat\/escoladetermens\/wp-json\/wp\/v2\/posts\/7754","targetHints":{"allow":["GET"]}}],"collection":[{"href":"https:\/\/agora.xtec.cat\/escoladetermens\/wp-json\/wp\/v2\/posts"}],"about":[{"href":"https:\/\/agora.xtec.cat\/escoladetermens\/wp-json\/wp\/v2\/types\/post"}],"author":[{"embeddable":true,"href":"https:\/\/agora.xtec.cat\/escoladetermens\/wp-json\/wp\/v2\/users\/12"}],"replies":[{"embeddable":true,"href":"https:\/\/agora.xtec.cat\/escoladetermens\/wp-json\/wp\/v2\/comments?post=7754"}],"version-history":[{"count":3,"href":"https:\/\/agora.xtec.cat\/escoladetermens\/wp-json\/wp\/v2\/posts\/7754\/revisions"}],"predecessor-version":[{"id":7764,"href":"https:\/\/agora.xtec.cat\/escoladetermens\/wp-json\/wp\/v2\/posts\/7754\/revisions\/7764"}],"wp:attachment":[{"href":"https:\/\/agora.xtec.cat\/escoladetermens\/wp-json\/wp\/v2\/media?parent=7754"}],"wp:term":[{"taxonomy":"category","embeddable":true,"href":"https:\/\/agora.xtec.cat\/escoladetermens\/wp-json\/wp\/v2\/categories?post=7754"},{"taxonomy":"post_tag","embeddable":true,"href":"https:\/\/agora.xtec.cat\/escoladetermens\/wp-json\/wp\/v2\/tags?post=7754"}],"curies":[{"name":"wp","href":"https:\/\/api.w.org\/{rel}","templated":true}]}}