{"id":7729,"date":"2023-11-24T13:14:23","date_gmt":"2023-11-24T12:14:23","guid":{"rendered":"https:\/\/agora.xtec.cat\/escoladetermens\/?p=7729"},"modified":"2023-12-01T15:26:39","modified_gmt":"2023-12-01T14:26:39","slug":"la-naira-protagonista-de-la-setmana-de-i3","status":"publish","type":"post","link":"https:\/\/agora.xtec.cat\/escoladetermens\/infantil\/la-naira-protagonista-de-la-setmana-de-i3\/","title":{"rendered":"LA NAIRA PROTAGONISTA DE LA SETMANA DE I3"},"content":{"rendered":"<p>Avui la Naira ha estat la protagon\u00edsta de la setmana i L&#8217;Oriol i la Sabah que s\u00f3n els seus pares han vinguta a l&#8217;aula a visitar-nos.<\/p>\n<p>Ens han fet un circu\u00eft vial per la classe i ens hem ajudat els uns als altres a caminar per aquest, igual que fan els integradors socials i els agents c\u00edvics. I perqu\u00e8 no ens oblidem del que ens han explicat i ho puguem anar practicant ens han fet un regal.<\/p>\n<p>Un circu\u00eft vial amb cotxes, sem\u00e0fors i moltes senyals!<\/p>\n<p>Per\u00f2 alerta obriu b\u00e9 els ulls que aqu\u00ed no acaba tot, al sortir al pati ens hem trobat una sorpresa molt especial.<\/p>\n<p>Voleu saber quina \u00e9s? Doncs no us perdeu les imatges hi ho descobrireu. Nom\u00e9s us dic que hem pogut volar&#8230;<\/p>\n<p>Moltes gr\u00e0cies fam\u00edlia, per ensenyar-nos tantes coses i voler compartir el mat\u00ed\u00a0 amb nosaltres.<\/p>\n<p>Fins un altra!<\/p>\n<p><a href=\"https:\/\/photos.app.goo.gl\/h9jeLzwg17LmW5VT8\"><img loading=\"lazy\" decoding=\"async\" class=\"size-full wp-image-7730 aligncenter\" src=\"https:\/\/agora.xtec.cat\/escoladetermens\/wp-content\/uploads\/usu1845\/2023\/11\/20231124_103042.jpg\" alt=\"\" width=\"396\" height=\"322\" srcset=\"https:\/\/agora.xtec.cat\/escoladetermens\/wp-content\/uploads\/usu1845\/2023\/11\/20231124_103042.jpg 396w, https:\/\/agora.xtec.cat\/escoladetermens\/wp-content\/uploads\/usu1845\/2023\/11\/20231124_103042-300x244.jpg 300w\" sizes=\"auto, (max-width: 396px) 100vw, 396px\" \/><\/a><\/p>\n<p>&nbsp;<\/p>\n","protected":false},"excerpt":{"rendered":"<p>Avui la Naira ha estat la protagon\u00edsta de la setmana i L&#8217;Oriol i la Sabah que s\u00f3n els seus pares han vinguta a l&#8217;aula a visitar-nos.<br \/>\nEns han fet un circu\u00eft vial per la classe i ens hem ajudat els uns als altres a caminar per&hellip;  <a href=\"https:\/\/agora.xtec.cat\/escoladetermens\/infantil\/la-naira-protagonista-de-la-setmana-de-i3\/\" title=\"Read LA NAIRA PROTAGONISTA DE LA SETMANA DE I3\">Llegeix m\u00e9s\u00bb<\/a><\/p>\n","protected":false},"author":1,"featured_media":0,"comment_status":"open","ping_status":"closed","sticky":false,"template":"","format":"standard","meta":{"_bbp_topic_count":0,"_bbp_reply_count":0,"_bbp_total_topic_count":0,"_bbp_total_reply_count":0,"_bbp_voice_count":0,"_bbp_anonymous_reply_count":0,"_bbp_topic_count_hidden":0,"_bbp_reply_count_hidden":0,"_bbp_forum_subforum_count":0,"footnotes":""},"categories":[3,2,4],"tags":[],"class_list":["post-7729","post","type-post","status-publish","format-standard","hentry","category-i3-i4","category-infantil","category-portada"],"post_mailing_queue_ids":[],"_links":{"self":[{"href":"https:\/\/agora.xtec.cat\/escoladetermens\/wp-json\/wp\/v2\/posts\/7729","targetHints":{"allow":["GET"]}}],"collection":[{"href":"https:\/\/agora.xtec.cat\/escoladetermens\/wp-json\/wp\/v2\/posts"}],"about":[{"href":"https:\/\/agora.xtec.cat\/escoladetermens\/wp-json\/wp\/v2\/types\/post"}],"author":[{"embeddable":true,"href":"https:\/\/agora.xtec.cat\/escoladetermens\/wp-json\/wp\/v2\/users\/1"}],"replies":[{"embeddable":true,"href":"https:\/\/agora.xtec.cat\/escoladetermens\/wp-json\/wp\/v2\/comments?post=7729"}],"version-history":[{"count":4,"href":"https:\/\/agora.xtec.cat\/escoladetermens\/wp-json\/wp\/v2\/posts\/7729\/revisions"}],"predecessor-version":[{"id":7750,"href":"https:\/\/agora.xtec.cat\/escoladetermens\/wp-json\/wp\/v2\/posts\/7729\/revisions\/7750"}],"wp:attachment":[{"href":"https:\/\/agora.xtec.cat\/escoladetermens\/wp-json\/wp\/v2\/media?parent=7729"}],"wp:term":[{"taxonomy":"category","embeddable":true,"href":"https:\/\/agora.xtec.cat\/escoladetermens\/wp-json\/wp\/v2\/categories?post=7729"},{"taxonomy":"post_tag","embeddable":true,"href":"https:\/\/agora.xtec.cat\/escoladetermens\/wp-json\/wp\/v2\/tags?post=7729"}],"curies":[{"name":"wp","href":"https:\/\/api.w.org\/{rel}","templated":true}]}}