{"id":7715,"date":"2023-11-16T13:11:23","date_gmt":"2023-11-16T12:11:23","guid":{"rendered":"https:\/\/agora.xtec.cat\/escoladetermens\/?p=7715"},"modified":"2023-11-16T13:17:47","modified_gmt":"2023-11-16T12:17:47","slug":"racons-a-cicle-mitja","status":"publish","type":"post","link":"https:\/\/agora.xtec.cat\/escoladetermens\/portada\/racons-a-cicle-mitja\/","title":{"rendered":"Racons a cicle mitj\u00e0"},"content":{"rendered":"<p>Portem setmanes que hem iniciat el treball cooperatiu per<span style=\"color: #ff0000;\"><strong> racons d&#8217;aprenentatge<\/strong><\/span>. Aquest 1r trimestre realitzem el rac\u00f3 de la compra, el rac\u00f3 dels problemes i el rac\u00f3 d&#8217;espai i forma. Tot s\u00f3n activitats <strong>manipulatives<\/strong> per grup redu\u00eft on es plantegen reptes a superar de forma <strong>cooperativa<\/strong>. Ens ho estem passant bomba mentre aprenem!<\/p>\n<p><a href=\"https:\/\/photos.app.goo.gl\/8h3rQEE6pDrLrrXh6\"><img loading=\"lazy\" decoding=\"async\" class=\"aligncenter wp-image-7718\" src=\"https:\/\/agora.xtec.cat\/escoladetermens\/wp-content\/uploads\/usu1845\/2023\/11\/20231115_101323-1-1-300x169.jpg\" alt=\"\" width=\"478\" height=\"269\" srcset=\"https:\/\/agora.xtec.cat\/escoladetermens\/wp-content\/uploads\/usu1845\/2023\/11\/20231115_101323-1-1-300x169.jpg 300w, https:\/\/agora.xtec.cat\/escoladetermens\/wp-content\/uploads\/usu1845\/2023\/11\/20231115_101323-1-1-1024x577.jpg 1024w, https:\/\/agora.xtec.cat\/escoladetermens\/wp-content\/uploads\/usu1845\/2023\/11\/20231115_101323-1-1-768x432.jpg 768w, https:\/\/agora.xtec.cat\/escoladetermens\/wp-content\/uploads\/usu1845\/2023\/11\/20231115_101323-1-1-1536x865.jpg 1536w, https:\/\/agora.xtec.cat\/escoladetermens\/wp-content\/uploads\/usu1845\/2023\/11\/20231115_101323-1-1.jpg 2000w\" sizes=\"auto, (max-width: 478px) 100vw, 478px\" \/><\/a><\/p>\n","protected":false},"excerpt":{"rendered":"<p>racons&hellip;  <a href=\"https:\/\/agora.xtec.cat\/escoladetermens\/portada\/racons-a-cicle-mitja\/\" title=\"Read Racons a cicle mitj\u00e0\">Llegeix m\u00e9s\u00bb<\/a><\/p>\n","protected":false},"author":18,"featured_media":0,"comment_status":"open","ping_status":"closed","sticky":false,"template":"","format":"standard","meta":{"_bbp_topic_count":0,"_bbp_reply_count":0,"_bbp_total_topic_count":0,"_bbp_total_reply_count":0,"_bbp_voice_count":0,"_bbp_anonymous_reply_count":0,"_bbp_topic_count_hidden":0,"_bbp_reply_count_hidden":0,"_bbp_forum_subforum_count":0,"footnotes":""},"categories":[12,4],"tags":[],"class_list":["post-7715","post","type-post","status-publish","format-standard","hentry","category-4t","category-portada"],"post_mailing_queue_ids":[],"_links":{"self":[{"href":"https:\/\/agora.xtec.cat\/escoladetermens\/wp-json\/wp\/v2\/posts\/7715","targetHints":{"allow":["GET"]}}],"collection":[{"href":"https:\/\/agora.xtec.cat\/escoladetermens\/wp-json\/wp\/v2\/posts"}],"about":[{"href":"https:\/\/agora.xtec.cat\/escoladetermens\/wp-json\/wp\/v2\/types\/post"}],"author":[{"embeddable":true,"href":"https:\/\/agora.xtec.cat\/escoladetermens\/wp-json\/wp\/v2\/users\/18"}],"replies":[{"embeddable":true,"href":"https:\/\/agora.xtec.cat\/escoladetermens\/wp-json\/wp\/v2\/comments?post=7715"}],"version-history":[{"count":4,"href":"https:\/\/agora.xtec.cat\/escoladetermens\/wp-json\/wp\/v2\/posts\/7715\/revisions"}],"predecessor-version":[{"id":7720,"href":"https:\/\/agora.xtec.cat\/escoladetermens\/wp-json\/wp\/v2\/posts\/7715\/revisions\/7720"}],"wp:attachment":[{"href":"https:\/\/agora.xtec.cat\/escoladetermens\/wp-json\/wp\/v2\/media?parent=7715"}],"wp:term":[{"taxonomy":"category","embeddable":true,"href":"https:\/\/agora.xtec.cat\/escoladetermens\/wp-json\/wp\/v2\/categories?post=7715"},{"taxonomy":"post_tag","embeddable":true,"href":"https:\/\/agora.xtec.cat\/escoladetermens\/wp-json\/wp\/v2\/tags?post=7715"}],"curies":[{"name":"wp","href":"https:\/\/api.w.org\/{rel}","templated":true}]}}