{"id":7712,"date":"2023-11-10T16:33:12","date_gmt":"2023-11-10T15:33:12","guid":{"rendered":"https:\/\/agora.xtec.cat\/escoladetermens\/?p=7712"},"modified":"2023-11-24T16:18:00","modified_gmt":"2023-11-24T15:18:00","slug":"tutoria-entre-iguals-15","status":"publish","type":"post","link":"https:\/\/agora.xtec.cat\/escoladetermens\/portada\/tutoria-entre-iguals-15\/","title":{"rendered":"1A Trobada:Tutoria entre IGUALS"},"content":{"rendered":"<p style=\"text-align: center;\">Aquesta setmana els infants de <strong>PRIMER i SIS\u00c8<\/strong> han fet una trobada dins el projecte de <strong>TUTORIA ENTRE IGUALS<\/strong>!<\/p>\n<p style=\"text-align: center;\">L&#8217;objectiu d&#8217;aquest projecte \u00e9s <em><strong>crear vincles<\/strong><\/em> entre els petits i els m\u00e9s grans de Prim\u00e0ria, \u00e9s a dir <em><strong>entre 1r i 6\u00e8<\/strong><\/em>, a la vegada que aquests s\u00f3n els referents de 1r!<\/p>\n<p style=\"text-align: center;\">Cada grup de 2 \u00f3 3 infants ha fet la seva presentaci\u00f3 i s&#8217;han fet moltes preguntes per aix\u00ed con\u00e8ixer-se m\u00e9s!<\/p>\n<p style=\"text-align: center;\">Tamb\u00e9 s&#8217;han intercanviat un dibuix!<\/p>\n<p><a href=\"https:\/\/photos.app.goo.gl\/yjMqn45ZSEQPdghK8\"><img loading=\"lazy\" decoding=\"async\" class=\"aligncenter size-medium wp-image-7713\" src=\"https:\/\/agora.xtec.cat\/escoladetermens\/wp-content\/uploads\/usu1845\/2023\/11\/WhatsApp-Image-2023-11-10-at-16.09.23-1-COLLAGE-300x300.jpg\" alt=\"\" width=\"300\" height=\"300\" srcset=\"https:\/\/agora.xtec.cat\/escoladetermens\/wp-content\/uploads\/usu1845\/2023\/11\/WhatsApp-Image-2023-11-10-at-16.09.23-1-COLLAGE-300x300.jpg 300w, https:\/\/agora.xtec.cat\/escoladetermens\/wp-content\/uploads\/usu1845\/2023\/11\/WhatsApp-Image-2023-11-10-at-16.09.23-1-COLLAGE-1024x1024.jpg 1024w, https:\/\/agora.xtec.cat\/escoladetermens\/wp-content\/uploads\/usu1845\/2023\/11\/WhatsApp-Image-2023-11-10-at-16.09.23-1-COLLAGE-150x150.jpg 150w, https:\/\/agora.xtec.cat\/escoladetermens\/wp-content\/uploads\/usu1845\/2023\/11\/WhatsApp-Image-2023-11-10-at-16.09.23-1-COLLAGE-768x768.jpg 768w, https:\/\/agora.xtec.cat\/escoladetermens\/wp-content\/uploads\/usu1845\/2023\/11\/WhatsApp-Image-2023-11-10-at-16.09.23-1-COLLAGE.jpg 1064w\" sizes=\"auto, (max-width: 300px) 100vw, 300px\" \/><\/a><\/p>\n","protected":false},"excerpt":{"rendered":"<p>Aquesta setmana els infants de PRIMER i SIS\u00c8 han fet una trobada dins el projecte de TUTORIA ENTRE IGUALS!<br \/>\nL&#8217;objectiu d&#8217;aquest projecte \u00e9s crear vincles entre els petits i els m\u00e9s grans de Prim\u00e0ria, \u00e9s a dir entre 1r i 6\u00e8, a la vegada que aquests&hellip;  <a href=\"https:\/\/agora.xtec.cat\/escoladetermens\/portada\/tutoria-entre-iguals-15\/\" title=\"Read 1A Trobada:Tutoria entre IGUALS\">Llegeix m\u00e9s\u00bb<\/a><\/p>\n","protected":false},"author":1,"featured_media":0,"comment_status":"open","ping_status":"closed","sticky":false,"template":"","format":"standard","meta":{"_bbp_topic_count":0,"_bbp_reply_count":0,"_bbp_total_topic_count":0,"_bbp_total_reply_count":0,"_bbp_voice_count":0,"_bbp_anonymous_reply_count":0,"_bbp_topic_count_hidden":0,"_bbp_reply_count_hidden":0,"_bbp_forum_subforum_count":0,"footnotes":""},"categories":[10,15,4],"tags":[],"class_list":["post-7712","post","type-post","status-publish","format-standard","hentry","category-2n","category-6e","category-portada"],"post_mailing_queue_ids":[],"_links":{"self":[{"href":"https:\/\/agora.xtec.cat\/escoladetermens\/wp-json\/wp\/v2\/posts\/7712","targetHints":{"allow":["GET"]}}],"collection":[{"href":"https:\/\/agora.xtec.cat\/escoladetermens\/wp-json\/wp\/v2\/posts"}],"about":[{"href":"https:\/\/agora.xtec.cat\/escoladetermens\/wp-json\/wp\/v2\/types\/post"}],"author":[{"embeddable":true,"href":"https:\/\/agora.xtec.cat\/escoladetermens\/wp-json\/wp\/v2\/users\/1"}],"replies":[{"embeddable":true,"href":"https:\/\/agora.xtec.cat\/escoladetermens\/wp-json\/wp\/v2\/comments?post=7712"}],"version-history":[{"count":2,"href":"https:\/\/agora.xtec.cat\/escoladetermens\/wp-json\/wp\/v2\/posts\/7712\/revisions"}],"predecessor-version":[{"id":7736,"href":"https:\/\/agora.xtec.cat\/escoladetermens\/wp-json\/wp\/v2\/posts\/7712\/revisions\/7736"}],"wp:attachment":[{"href":"https:\/\/agora.xtec.cat\/escoladetermens\/wp-json\/wp\/v2\/media?parent=7712"}],"wp:term":[{"taxonomy":"category","embeddable":true,"href":"https:\/\/agora.xtec.cat\/escoladetermens\/wp-json\/wp\/v2\/categories?post=7712"},{"taxonomy":"post_tag","embeddable":true,"href":"https:\/\/agora.xtec.cat\/escoladetermens\/wp-json\/wp\/v2\/tags?post=7712"}],"curies":[{"name":"wp","href":"https:\/\/api.w.org\/{rel}","templated":true}]}}