{"id":764,"date":"2018-06-16T08:01:59","date_gmt":"2018-06-16T06:01:59","guid":{"rendered":"http:\/\/agora.xtec.cat\/escoladetermens\/?p=764"},"modified":"2018-06-16T08:01:59","modified_gmt":"2018-06-16T06:01:59","slug":"radio-piruli-15-de-juny","status":"publish","type":"post","link":"https:\/\/agora.xtec.cat\/escoladetermens\/infantil\/radio-piruli-15-de-juny\/","title":{"rendered":"R\u00c0DIO PIRULI 15 DE JUNY"},"content":{"rendered":"<p>Aquest divendres vam fer l&#8217;\u00faltim programa de r\u00e0dio del curs. Us deixem amb el Jordi i la N\u00faria de locutors i amb l&#8217;Anna F i el Robert de DJ.<\/p>\n<p>https:\/\/soundcloud.com\/escola-alfred-potrony\/15-6-18a<\/p>\n","protected":false},"excerpt":{"rendered":"<p>Aquest divendres vam fer l&#8217;\u00faltim programa de r\u00e0dio del curs. Us deixem amb el Jordi i la N\u00faria de locutors i amb l&#8217;Anna F i el Robert de DJ.<br \/>\nhttps:\/\/soundcloud.com\/escola-alfred-potrony\/15-6-18a<\/p>\n","protected":false},"author":1,"featured_media":0,"comment_status":"open","ping_status":"closed","sticky":false,"template":"","format":"standard","meta":{"_bbp_topic_count":0,"_bbp_reply_count":0,"_bbp_total_topic_count":0,"_bbp_total_reply_count":0,"_bbp_voice_count":0,"_bbp_anonymous_reply_count":0,"_bbp_topic_count_hidden":0,"_bbp_reply_count_hidden":0,"_bbp_forum_subforum_count":0,"footnotes":""},"categories":[10,11,12,14,15,108,3,9,2,4,5],"tags":[113,112],"class_list":["post-764","post","type-post","status-publish","format-standard","hentry","category-2n","category-3r","category-4t","category-5e","category-6e","category-aula-carles-capdevila","category-i3-i4","category-i5","category-infantil","category-portada","category-primaria","tag-projecte-collaboratiu","tag-radio"],"post_mailing_queue_ids":[],"_links":{"self":[{"href":"https:\/\/agora.xtec.cat\/escoladetermens\/wp-json\/wp\/v2\/posts\/764","targetHints":{"allow":["GET"]}}],"collection":[{"href":"https:\/\/agora.xtec.cat\/escoladetermens\/wp-json\/wp\/v2\/posts"}],"about":[{"href":"https:\/\/agora.xtec.cat\/escoladetermens\/wp-json\/wp\/v2\/types\/post"}],"author":[{"embeddable":true,"href":"https:\/\/agora.xtec.cat\/escoladetermens\/wp-json\/wp\/v2\/users\/1"}],"replies":[{"embeddable":true,"href":"https:\/\/agora.xtec.cat\/escoladetermens\/wp-json\/wp\/v2\/comments?post=764"}],"version-history":[{"count":1,"href":"https:\/\/agora.xtec.cat\/escoladetermens\/wp-json\/wp\/v2\/posts\/764\/revisions"}],"predecessor-version":[{"id":765,"href":"https:\/\/agora.xtec.cat\/escoladetermens\/wp-json\/wp\/v2\/posts\/764\/revisions\/765"}],"wp:attachment":[{"href":"https:\/\/agora.xtec.cat\/escoladetermens\/wp-json\/wp\/v2\/media?parent=764"}],"wp:term":[{"taxonomy":"category","embeddable":true,"href":"https:\/\/agora.xtec.cat\/escoladetermens\/wp-json\/wp\/v2\/categories?post=764"},{"taxonomy":"post_tag","embeddable":true,"href":"https:\/\/agora.xtec.cat\/escoladetermens\/wp-json\/wp\/v2\/tags?post=764"}],"curies":[{"name":"wp","href":"https:\/\/api.w.org\/{rel}","templated":true}]}}