{"id":7473,"date":"2023-06-05T10:06:56","date_gmt":"2023-06-05T08:06:56","guid":{"rendered":"https:\/\/agora.xtec.cat\/escoladetermens\/?p=7473"},"modified":"2023-06-05T10:06:56","modified_gmt":"2023-06-05T08:06:56","slug":"aula-sensorial-2","status":"publish","type":"post","link":"https:\/\/agora.xtec.cat\/escoladetermens\/general\/aula-sensorial-2\/","title":{"rendered":"Aula sensorial"},"content":{"rendered":"<p>Aquesta setmana hem convertit l&#8217;aula de psicomotricitat amb un entorn sensorial pel qual hi han passat tots els infants de l&#8217;escola.<\/p>\n<p>Hi havia diferents racons on despert\u00e0vem els sentits: Un espai d&#8217;olors, un de sabors i un parell per desenvolupar el tacte, en un hav\u00edem de tocar, recon\u00e8ixer i dibuixar unes peces i a l&#8217;altre ens f\u00e8iem massatge.<\/p>\n<p>Tota la sessi\u00f3 l&#8217;hem realitzat amb els ulls tancats, aquest fet ens ha ajudat a despertar encara m\u00e9s la resta dels sentits.<\/p>\n<p>Ha estat una sessi\u00f3 molt bonica.<\/p>\n<p><a href=\"https:\/\/photos.app.goo.gl\/GCsLPygSRAymoRaL9\"><img loading=\"lazy\" decoding=\"async\" class=\"alignnone size-large wp-image-7474\" src=\"https:\/\/agora.xtec.cat\/escoladetermens\/wp-content\/uploads\/usu1845\/2023\/06\/IMG_20230601_154033-1024x768.jpg\" alt=\"\" width=\"1024\" height=\"768\" srcset=\"https:\/\/agora.xtec.cat\/escoladetermens\/wp-content\/uploads\/usu1845\/2023\/06\/IMG_20230601_154033-1024x768.jpg 1024w, https:\/\/agora.xtec.cat\/escoladetermens\/wp-content\/uploads\/usu1845\/2023\/06\/IMG_20230601_154033-300x225.jpg 300w, https:\/\/agora.xtec.cat\/escoladetermens\/wp-content\/uploads\/usu1845\/2023\/06\/IMG_20230601_154033-768x576.jpg 768w, https:\/\/agora.xtec.cat\/escoladetermens\/wp-content\/uploads\/usu1845\/2023\/06\/IMG_20230601_154033-1536x1152.jpg 1536w, https:\/\/agora.xtec.cat\/escoladetermens\/wp-content\/uploads\/usu1845\/2023\/06\/IMG_20230601_154033-200x150.jpg 200w, https:\/\/agora.xtec.cat\/escoladetermens\/wp-content\/uploads\/usu1845\/2023\/06\/IMG_20230601_154033.jpg 1600w\" sizes=\"auto, (max-width: 1024px) 100vw, 1024px\" \/><\/a><\/p>\n","protected":false},"excerpt":{"rendered":"<p>Aquesta setmana hem convertit l&#8217;aula de psicomotricitat amb un entorn sensorial pel qual hi han passat tots els infants de l&#8217;escola.<br \/>\nHi havia diferents racons on despert\u00e0vem els sentits: Un espai d&#8217;olors, un de sabors i un parell per desenvolupar el tacte, en un hav\u00edem de&hellip;  <a href=\"https:\/\/agora.xtec.cat\/escoladetermens\/general\/aula-sensorial-2\/\" title=\"Read Aula sensorial\">Llegeix m\u00e9s\u00bb<\/a><\/p>\n","protected":false},"author":1,"featured_media":0,"comment_status":"open","ping_status":"closed","sticky":false,"template":"","format":"standard","meta":{"_bbp_topic_count":0,"_bbp_reply_count":0,"_bbp_total_topic_count":0,"_bbp_total_reply_count":0,"_bbp_voice_count":0,"_bbp_anonymous_reply_count":0,"_bbp_topic_count_hidden":0,"_bbp_reply_count_hidden":0,"_bbp_forum_subforum_count":0,"footnotes":""},"categories":[10,11,12,14,15,83,1,3,9,2,4,5],"tags":[379,372,378,334,333,335,380],"class_list":["post-7473","post","type-post","status-publish","format-standard","hentry","category-2n","category-3r","category-4t","category-5e","category-6e","category-ed-fisica","category-general","category-i3-i4","category-i5","category-infantil","category-portada","category-primaria","tag-dabors","tag-diversitat","tag-olors","tag-sensacions","tag-sensorial","tag-sentits","tag-tacte"],"post_mailing_queue_ids":[],"_links":{"self":[{"href":"https:\/\/agora.xtec.cat\/escoladetermens\/wp-json\/wp\/v2\/posts\/7473","targetHints":{"allow":["GET"]}}],"collection":[{"href":"https:\/\/agora.xtec.cat\/escoladetermens\/wp-json\/wp\/v2\/posts"}],"about":[{"href":"https:\/\/agora.xtec.cat\/escoladetermens\/wp-json\/wp\/v2\/types\/post"}],"author":[{"embeddable":true,"href":"https:\/\/agora.xtec.cat\/escoladetermens\/wp-json\/wp\/v2\/users\/1"}],"replies":[{"embeddable":true,"href":"https:\/\/agora.xtec.cat\/escoladetermens\/wp-json\/wp\/v2\/comments?post=7473"}],"version-history":[{"count":1,"href":"https:\/\/agora.xtec.cat\/escoladetermens\/wp-json\/wp\/v2\/posts\/7473\/revisions"}],"predecessor-version":[{"id":7475,"href":"https:\/\/agora.xtec.cat\/escoladetermens\/wp-json\/wp\/v2\/posts\/7473\/revisions\/7475"}],"wp:attachment":[{"href":"https:\/\/agora.xtec.cat\/escoladetermens\/wp-json\/wp\/v2\/media?parent=7473"}],"wp:term":[{"taxonomy":"category","embeddable":true,"href":"https:\/\/agora.xtec.cat\/escoladetermens\/wp-json\/wp\/v2\/categories?post=7473"},{"taxonomy":"post_tag","embeddable":true,"href":"https:\/\/agora.xtec.cat\/escoladetermens\/wp-json\/wp\/v2\/tags?post=7473"}],"curies":[{"name":"wp","href":"https:\/\/api.w.org\/{rel}","templated":true}]}}