{"id":7392,"date":"2023-05-10T13:40:02","date_gmt":"2023-05-10T11:40:02","guid":{"rendered":"https:\/\/agora.xtec.cat\/escoladetermens\/?p=7392"},"modified":"2023-05-21T00:52:24","modified_gmt":"2023-05-20T22:52:24","slug":"tothom-amb-bici","status":"publish","type":"post","link":"https:\/\/agora.xtec.cat\/escoladetermens\/portada\/tothom-amb-bici\/","title":{"rendered":"TOTHOM AMB BICI!!!"},"content":{"rendered":"<p>Avui per a nosaltres \u00e9s un dia molt especial, despr\u00e9s d&#8217;un any buscant solucions per poder oferir una bicicleta adaptada al Sim\u00f3, ens ha arribat aquesta meravella que veieu a les imatges <strong>(CLICA DAMUNT LA FOTO).<\/strong><\/p>\n<p>Ha estat possible gr\u00e0cies a la Fundaci\u00f3n Lukas &#8211;\u00a0<a href=\"https:\/\/www.fundacionlukas.org\/\" data-saferedirecturl=\"https:\/\/www.google.com\/url?q=https:\/\/www.fundacionlukas.org\/&amp;source=gmail&amp;ust=1683802416675000&amp;usg=AOvVaw1WA4-D57YkL5BgSkx2s2Nf\">https:\/\/www.fundacionlukas.org\/<\/a>\u00a0&#8211;\u00a0que des del primer moment va voler-nos ajudar i va creure que poder oferir una bicicleta itinerant seria una molt bona opci\u00f3.\u00a0 Sensibilitzats\u00a0amb la nostra necessitat l&#8217;entitat es va presentar a la\u00a0 convocat\u00f2ria de\u00a0 \u00a0la\u00a0Fundaci\u00f3n Bing Crosby i va obtenir uns diners que han decidit invertir-los en una bicicleta nova adaptada i al transport d&#8217;aquesta per tota Espanya.<\/p>\n<p>I sabeu qui l&#8217;ha estrenat? Nosaltres, l&#8217;escola de T\u00e9rmens, amb el Sim\u00f3!!!<\/p>\n<p>Aquesta bicicleta estar\u00e0 tot el mes de maig a la nostra escola i despr\u00e9s anir\u00e0 cap a Balaguer, on els infants i joves de l&#8217;escola Estel tamb\u00e9 podran gaudir-ne.<\/p>\n<p>Si tenim clars els objectius i\u00a0 unim esfor\u00e7os els recursos\u00a0es poden aconseguir. En aquest cas s&#8217;hi ha sumat l&#8217;escola Estel i el Centre de Recursos de La Noguera qui ens ha acompanyat en tot moment.<\/p>\n<p>Aportem, amb aquest fet, el nostre gra de sorra per visibilitzar i fer que l\u2019esport i l\u2019oci adaptat e inclusiu sigui una realitat.<\/p>\n<p>Esperem que molts nens i nenes puguin gaudir de les sensacions i emocions d&#8217;anar\u00a0amb bicicleta.<\/p>\n<p><strong>(CLICA DAMUNT LA FOTO)\u00a0 \u00a0 \u00a0&#8211;\u00a0 \u00a0 \u00a0 (HAZ CLICK EN LA FOTOGRAF\u00cdA).<\/strong><\/p>\n<p>_______________________________________________________________________________<\/p>\n<p><a href=\"https:\/\/photos.app.goo.gl\/6qmC84EABTP4b27H7\"><img loading=\"lazy\" decoding=\"async\" class=\"alignnone size-large wp-image-7394\" src=\"https:\/\/agora.xtec.cat\/escoladetermens\/wp-content\/uploads\/usu1845\/2023\/05\/bici-1-1024x768.jpg\" alt=\"\" width=\"1024\" height=\"768\" srcset=\"https:\/\/agora.xtec.cat\/escoladetermens\/wp-content\/uploads\/usu1845\/2023\/05\/bici-1-1024x768.jpg 1024w, https:\/\/agora.xtec.cat\/escoladetermens\/wp-content\/uploads\/usu1845\/2023\/05\/bici-1-300x225.jpg 300w, https:\/\/agora.xtec.cat\/escoladetermens\/wp-content\/uploads\/usu1845\/2023\/05\/bici-1-768x576.jpg 768w, https:\/\/agora.xtec.cat\/escoladetermens\/wp-content\/uploads\/usu1845\/2023\/05\/bici-1-1536x1152.jpg 1536w, https:\/\/agora.xtec.cat\/escoladetermens\/wp-content\/uploads\/usu1845\/2023\/05\/bici-1-2048x1536.jpg 2048w, https:\/\/agora.xtec.cat\/escoladetermens\/wp-content\/uploads\/usu1845\/2023\/05\/bici-1-200x150.jpg 200w\" sizes=\"auto, (max-width: 1024px) 100vw, 1024px\" \/><\/a><\/p>\n<p>Hoy es para nosotros un d\u00eda muy especial, despu\u00e9s de un a\u00f1o buscando soluciones para poder conseguir una bicicleta adaptada para Sim\u00f3, nos ha llegado esta maravilla que pod\u00e9is ver en las fotograf\u00edas <strong>(HAZ CLICK EN LA FOTOGRAF\u00cdA)<\/strong>.<\/p>\n<p>Ha sido posible gracias a la Fundaci\u00f3n Lukas que desde el primer momento quiso ayudarnos y nos aport\u00f3 la soluci\u00f3n perfecta.<\/p>\n<p>Sensibilizados\u00a0con nuestra\u00a0 necesidad, se present\u00f3 a la convocatoria de la\u00a0Fundaci\u00f3n Bing Crosby y obtuvo un importe que ha sido invertido en una nueva bicicleta adaptada que viajar\u00e1 por toda Espa\u00f1a.<\/p>\n<p>\u00bfAdivin\u00e1is qui\u00e9n ha sido el primero en montar en ella? Sim\u00f3, alumno de la escuela de T\u00e9rmens &#8211;<a href=\"https:\/\/agora.xtec.cat\/escoladetermens\/\" data-saferedirecturl=\"https:\/\/www.google.com\/url?q=https:\/\/agora.xtec.cat\/escoladetermens\/&amp;source=gmail&amp;ust=1683802416675000&amp;usg=AOvVaw36HA4JT_TRO-oubd5qePFa\">https:\/\/agora.xtec.cat\/escoladetermens\/<\/a>\u00a0&#8211;\u00a0.<\/p>\n<p>La bicicleta estar\u00e1 todo el mes de mayo en nuestra escuela y despu\u00e9s se trasladar\u00e1 a Balaguer, donde los alumnos de la escuela Estel podr\u00e1n disfrutar de ella.<\/p>\n<p>Si tenemos claros los objetivos y\u00a0 unimos esfuerzos, los recursos se pueden conseguir. En este caso se han sumado a la causa el CEE Estel &#8211;<a href=\"https:\/\/lestel.cat\/serveis\/escola\/-\" data-saferedirecturl=\"https:\/\/www.google.com\/url?q=https:\/\/lestel.cat\/serveis\/escola\/-&amp;source=gmail&amp;ust=1683802416675000&amp;usg=AOvVaw2DS4Nan2pZxUTMlL7xfoqr\">https:\/\/lestel.cat\/serveis\/escola\/-<\/a>\u00a0y el Centro de Recursos de La Noguera &#8211;<a href=\"https:\/\/serveiseducatius.xtec.cat\/noguera\/\" data-saferedirecturl=\"https:\/\/www.google.com\/url?q=https:\/\/serveiseducatius.xtec.cat\/noguera\/&amp;source=gmail&amp;ust=1683802416675000&amp;usg=AOvVaw22S4p5HtTriP6GmuEKbEzF\">https:\/\/serveiseducatius.xtec.cat\/noguera\/<\/a>\u00a0&#8211; , quienes nos han acompa\u00f1ado en todo\u00a0momento.<\/p>\n<p>Con esta acci\u00f3n contribuimos a visibilizar y a hacer realidad el deporte y ocio inclusivo.<\/p>\n<p>Esperamos que muchos ni\u00f1os y ni\u00f1as puedan disfrutar de las sensaciones y emociones de montar en bicicleta.<\/p>\n","protected":false},"excerpt":{"rendered":"<p>Avui per a nosaltres \u00e9s un dia molt especial, despr\u00e9s d&#8217;un any buscant solucions per poder oferir una bicicleta adaptada al Sim\u00f3, ens ha arribat aquesta meravella que veieu a les imatges (CLICA DAMUNT LA FOTO).<br \/>\nHa estat possible gr\u00e0cies a la Fundaci\u00f3n Lukas &#8211;\u00a0<a href=\"https:\/\/www.fundacionlukas.org\/\"&hellip;  <a href=\"https:\/\/agora.xtec.cat\/escoladetermens\/portada\/tothom-amb-bici\/\" title=\"Read TOTHOM AMB BICI!!!\">Llegeix m\u00e9s\u00bb<\/a><\/p>\n","protected":false},"author":1,"featured_media":7393,"comment_status":"open","ping_status":"closed","sticky":false,"template":"","format":"standard","meta":{"_bbp_topic_count":0,"_bbp_reply_count":0,"_bbp_total_topic_count":0,"_bbp_total_reply_count":0,"_bbp_voice_count":0,"_bbp_anonymous_reply_count":0,"_bbp_topic_count_hidden":0,"_bbp_reply_count_hidden":0,"_bbp_forum_subforum_count":0,"footnotes":""},"categories":[10,11,12,14,15,83,4],"tags":[372,332,166,371],"class_list":["post-7392","post","type-post","status-publish","format-standard","has-post-thumbnail","hentry","category-2n","category-3r","category-4t","category-5e","category-6e","category-ed-fisica","category-portada","tag-diversitat","tag-educacio-fisica","tag-inclusio","tag-salut"],"post_mailing_queue_ids":[],"_links":{"self":[{"href":"https:\/\/agora.xtec.cat\/escoladetermens\/wp-json\/wp\/v2\/posts\/7392","targetHints":{"allow":["GET"]}}],"collection":[{"href":"https:\/\/agora.xtec.cat\/escoladetermens\/wp-json\/wp\/v2\/posts"}],"about":[{"href":"https:\/\/agora.xtec.cat\/escoladetermens\/wp-json\/wp\/v2\/types\/post"}],"author":[{"embeddable":true,"href":"https:\/\/agora.xtec.cat\/escoladetermens\/wp-json\/wp\/v2\/users\/1"}],"replies":[{"embeddable":true,"href":"https:\/\/agora.xtec.cat\/escoladetermens\/wp-json\/wp\/v2\/comments?post=7392"}],"version-history":[{"count":2,"href":"https:\/\/agora.xtec.cat\/escoladetermens\/wp-json\/wp\/v2\/posts\/7392\/revisions"}],"predecessor-version":[{"id":7403,"href":"https:\/\/agora.xtec.cat\/escoladetermens\/wp-json\/wp\/v2\/posts\/7392\/revisions\/7403"}],"wp:featuredmedia":[{"embeddable":true,"href":"https:\/\/agora.xtec.cat\/escoladetermens\/wp-json\/wp\/v2\/media\/7393"}],"wp:attachment":[{"href":"https:\/\/agora.xtec.cat\/escoladetermens\/wp-json\/wp\/v2\/media?parent=7392"}],"wp:term":[{"taxonomy":"category","embeddable":true,"href":"https:\/\/agora.xtec.cat\/escoladetermens\/wp-json\/wp\/v2\/categories?post=7392"},{"taxonomy":"post_tag","embeddable":true,"href":"https:\/\/agora.xtec.cat\/escoladetermens\/wp-json\/wp\/v2\/tags?post=7392"}],"curies":[{"name":"wp","href":"https:\/\/api.w.org\/{rel}","templated":true}]}}