{"id":7341,"date":"2023-04-20T21:25:55","date_gmt":"2023-04-20T19:25:55","guid":{"rendered":"https:\/\/agora.xtec.cat\/escoladetermens\/?p=7341"},"modified":"2023-04-20T21:25:55","modified_gmt":"2023-04-20T19:25:55","slug":"com-afecta-la-tecnologia-al-cervell","status":"publish","type":"post","link":"https:\/\/agora.xtec.cat\/escoladetermens\/portada\/com-afecta-la-tecnologia-al-cervell\/","title":{"rendered":"COM AFECTA LA TECNOLOGIA AL CERVELL"},"content":{"rendered":"<p>Aquest \u00e9s un v\u00eddeo molt interessant de <em><strong>Marian Rojas-Estap\u00e9<\/strong><\/em> que parla de\u00a0 <strong>com afecta la tecnologia al cervell,<\/strong>\u00a0 qu\u00e8 comporta una <strong>exposici\u00f3 a dispositius\u00a0 digitals en menors d&#8217;edats<\/strong> i les <strong>conseq\u00fc\u00e8ncies negatives en adolescents i adult<\/strong>s!<\/p>\n<p><a href=\"https:\/\/youtu.be\/dpM_lD8GJiw\"><img loading=\"lazy\" decoding=\"async\" class=\"aligncenter size-medium wp-image-7342\" src=\"https:\/\/agora.xtec.cat\/escoladetermens\/wp-content\/uploads\/usu1845\/2023\/04\/TEC-300x169.jpg\" alt=\"\" width=\"300\" height=\"169\" srcset=\"https:\/\/agora.xtec.cat\/escoladetermens\/wp-content\/uploads\/usu1845\/2023\/04\/TEC-300x169.jpg 300w, https:\/\/agora.xtec.cat\/escoladetermens\/wp-content\/uploads\/usu1845\/2023\/04\/TEC-768x432.jpg 768w, https:\/\/agora.xtec.cat\/escoladetermens\/wp-content\/uploads\/usu1845\/2023\/04\/TEC.jpg 785w\" sizes=\"auto, (max-width: 300px) 100vw, 300px\" \/><\/a><\/p>\n","protected":false},"excerpt":{"rendered":"<p>Aquest \u00e9s un v\u00eddeo molt interessant de Marian Rojas-Estap\u00e9 que parla de\u00a0 com afecta la tecnologia al cervell,\u00a0 qu\u00e8 comporta una exposici\u00f3 a dispositius\u00a0 digitals en menors d&#8217;edats i les conseq\u00fc\u00e8ncies negatives en adolescents i adults!<br \/>\n<a href=\"https:\/\/youtu.be\/dpM_lD8GJiw\"><\/a><\/p>\n","protected":false},"author":1,"featured_media":7343,"comment_status":"open","ping_status":"closed","sticky":false,"template":"","format":"standard","meta":{"_bbp_topic_count":0,"_bbp_reply_count":0,"_bbp_total_topic_count":0,"_bbp_total_reply_count":0,"_bbp_voice_count":0,"_bbp_anonymous_reply_count":0,"_bbp_topic_count_hidden":0,"_bbp_reply_count_hidden":0,"_bbp_forum_subforum_count":0,"footnotes":""},"categories":[366,347,4],"tags":[],"class_list":["post-7341","post","type-post","status-publish","format-standard","has-post-thumbnail","hentry","category-articles-per-reflexionar","category-cultura-digital","category-portada"],"post_mailing_queue_ids":[],"_links":{"self":[{"href":"https:\/\/agora.xtec.cat\/escoladetermens\/wp-json\/wp\/v2\/posts\/7341","targetHints":{"allow":["GET"]}}],"collection":[{"href":"https:\/\/agora.xtec.cat\/escoladetermens\/wp-json\/wp\/v2\/posts"}],"about":[{"href":"https:\/\/agora.xtec.cat\/escoladetermens\/wp-json\/wp\/v2\/types\/post"}],"author":[{"embeddable":true,"href":"https:\/\/agora.xtec.cat\/escoladetermens\/wp-json\/wp\/v2\/users\/1"}],"replies":[{"embeddable":true,"href":"https:\/\/agora.xtec.cat\/escoladetermens\/wp-json\/wp\/v2\/comments?post=7341"}],"version-history":[{"count":1,"href":"https:\/\/agora.xtec.cat\/escoladetermens\/wp-json\/wp\/v2\/posts\/7341\/revisions"}],"predecessor-version":[{"id":7344,"href":"https:\/\/agora.xtec.cat\/escoladetermens\/wp-json\/wp\/v2\/posts\/7341\/revisions\/7344"}],"wp:featuredmedia":[{"embeddable":true,"href":"https:\/\/agora.xtec.cat\/escoladetermens\/wp-json\/wp\/v2\/media\/7343"}],"wp:attachment":[{"href":"https:\/\/agora.xtec.cat\/escoladetermens\/wp-json\/wp\/v2\/media?parent=7341"}],"wp:term":[{"taxonomy":"category","embeddable":true,"href":"https:\/\/agora.xtec.cat\/escoladetermens\/wp-json\/wp\/v2\/categories?post=7341"},{"taxonomy":"post_tag","embeddable":true,"href":"https:\/\/agora.xtec.cat\/escoladetermens\/wp-json\/wp\/v2\/tags?post=7341"}],"curies":[{"name":"wp","href":"https:\/\/api.w.org\/{rel}","templated":true}]}}