{"id":733,"date":"2018-06-13T09:29:49","date_gmt":"2018-06-13T07:29:49","guid":{"rendered":"http:\/\/agora.xtec.cat\/escoladetermens\/?p=733"},"modified":"2018-06-13T09:30:06","modified_gmt":"2018-06-13T07:30:06","slug":"sigues-un-craq-2","status":"publish","type":"post","link":"https:\/\/agora.xtec.cat\/escoladetermens\/general\/sigues-un-craq-2\/","title":{"rendered":"SIGUES UN CRAQ"},"content":{"rendered":"<p>Els alumnes de 6\u00e8 al curs de primers auxilis i actuaci\u00f3 davant emerg\u00e8ncies van estar practicant davant ennuegaments i p\u00e8rdues de consci\u00e8ncia.<\/p>\n<p><a href=\"https:\/\/photos.app.goo.gl\/EL8S1vjvqKKcus5u9\"><img loading=\"lazy\" decoding=\"async\" class=\"alignnone size-full wp-image-734\" src=\"http:\/\/agora.xtec.cat\/escoladetermens\/wp-content\/uploads\/usu1845\/2018\/06\/Craq2.jpg\" alt=\"\" width=\"820\" height=\"312\" \/><\/a><\/p>\n","protected":false},"excerpt":{"rendered":"<p>Els alumnes de 6\u00e8 al curs de primers auxilis i actuaci\u00f3 davant emerg\u00e8ncies van estar practicant davant ennuegaments i p\u00e8rdues de consci\u00e8ncia.<br \/>\n<a href=\"https:\/\/photos.app.goo.gl\/EL8S1vjvqKKcus5u9\"><\/a><\/p>\n","protected":false},"author":1,"featured_media":0,"comment_status":"open","ping_status":"closed","sticky":false,"template":"","format":"standard","meta":{"_bbp_topic_count":0,"_bbp_reply_count":0,"_bbp_total_topic_count":0,"_bbp_total_reply_count":0,"_bbp_voice_count":0,"_bbp_anonymous_reply_count":0,"_bbp_topic_count_hidden":0,"_bbp_reply_count_hidden":0,"_bbp_forum_subforum_count":0,"footnotes":""},"categories":[15,83,1,4,5],"tags":[105,60,106],"class_list":["post-733","post","type-post","status-publish","format-standard","hentry","category-6e","category-ed-fisica","category-general","category-portada","category-primaria","tag-creu-roja","tag-ed-fisica","tag-primers-auxilis"],"post_mailing_queue_ids":[],"_links":{"self":[{"href":"https:\/\/agora.xtec.cat\/escoladetermens\/wp-json\/wp\/v2\/posts\/733","targetHints":{"allow":["GET"]}}],"collection":[{"href":"https:\/\/agora.xtec.cat\/escoladetermens\/wp-json\/wp\/v2\/posts"}],"about":[{"href":"https:\/\/agora.xtec.cat\/escoladetermens\/wp-json\/wp\/v2\/types\/post"}],"author":[{"embeddable":true,"href":"https:\/\/agora.xtec.cat\/escoladetermens\/wp-json\/wp\/v2\/users\/1"}],"replies":[{"embeddable":true,"href":"https:\/\/agora.xtec.cat\/escoladetermens\/wp-json\/wp\/v2\/comments?post=733"}],"version-history":[{"count":2,"href":"https:\/\/agora.xtec.cat\/escoladetermens\/wp-json\/wp\/v2\/posts\/733\/revisions"}],"predecessor-version":[{"id":736,"href":"https:\/\/agora.xtec.cat\/escoladetermens\/wp-json\/wp\/v2\/posts\/733\/revisions\/736"}],"wp:attachment":[{"href":"https:\/\/agora.xtec.cat\/escoladetermens\/wp-json\/wp\/v2\/media?parent=733"}],"wp:term":[{"taxonomy":"category","embeddable":true,"href":"https:\/\/agora.xtec.cat\/escoladetermens\/wp-json\/wp\/v2\/categories?post=733"},{"taxonomy":"post_tag","embeddable":true,"href":"https:\/\/agora.xtec.cat\/escoladetermens\/wp-json\/wp\/v2\/tags?post=733"}],"curies":[{"name":"wp","href":"https:\/\/api.w.org\/{rel}","templated":true}]}}