{"id":7215,"date":"2023-02-27T16:46:29","date_gmt":"2023-02-27T15:46:29","guid":{"rendered":"https:\/\/agora.xtec.cat\/escoladetermens\/?p=7215"},"modified":"2023-03-17T15:19:56","modified_gmt":"2023-03-17T14:19:56","slug":"magia-projecte-interdisciplinari","status":"publish","type":"post","link":"https:\/\/agora.xtec.cat\/escoladetermens\/portada\/magia-projecte-interdisciplinari\/","title":{"rendered":"M\u00c0GIA: Projecte Interdisciplinari"},"content":{"rendered":"<p style=\"text-align: center;\">Aquesta setmana gaudirem i aprendrem de <strong>LA M\u00c0GIA<\/strong> ! ! !<\/p>\n<p style=\"text-align: center;\">&#8211; <strong>Dilluns<\/strong>: Presentaci\u00f3 del Projecte amb la super <em><strong>actuaci\u00f3<\/strong><\/em> del <strong>MAG \u00d2SCAR de la TORRE<\/strong> i <em><strong>taller de m\u00e0gia<\/strong><\/em> a partir de 3r.<\/p>\n<p style=\"text-align: center;\">&#8211; <strong>Dimarts<\/strong>: Actuaci\u00f3 del <strong>Mag Ramon<\/strong>.<\/p>\n<p style=\"text-align: center;\">&#8211; <strong>Divendres<\/strong>: Actuaci\u00f3 de les\u00a0 \u00a0<strong>SUPER MAGUES I MAGS de 4t, 5\u00e8 i 6\u00e8<\/strong><\/p>\n<p style=\"text-align: center;\"><strong>&amp;<\/strong><\/p>\n<p style=\"text-align: center;\"><strong>RUA + ESPECTACLE M\u00c0GIC<\/strong><\/p>\n<p style=\"text-align: center;\"><em>FOTOS M\u00c0GIQUES ! (Cliqueu els elements)<\/em><\/p>\n<div style=\"position: relative; width: 100%; height: 0; padding-top: 100.0000%; padding-bottom: 0; box-shadow: 0 2px 8px 0 rgba(63,69,81,0.16); margin-top: 1.6em; margin-bottom: 0.9em; overflow: hidden; border-radius: 8px; will-change: transform;\"><iframe style=\"position: absolute; width: 100%; height: 100%; top: 0; left: 0; border: none; padding: 0; margin: 0;\" src=\"https:\/\/www.canva.com\/design\/DAFbxo-M1mc\/view?embed\" allowfullscreen=\"allowfullscreen\"><br \/>\n<\/iframe><\/div>\n<p><a href=\"https:\/\/www.canva.com\/design\/DAFbxo-M1mc\/view?utm_content=DAFbxo-M1mc&amp;utm_campaign=designshare&amp;utm_medium=embeds&amp;utm_source=link\" target=\"_blank\" rel=\"noopener\">Blue And Yellow Modern Preschool Enrollment Instagram Post<\/a> de Escola Alfred Potrony<\/p>\n","protected":false},"excerpt":{"rendered":"<p>Aquesta setmana gaudirem i aprendrem de LA M\u00c0GIA ! ! !<br \/>\n&#8211; Dilluns: Presentaci\u00f3 del Projecte amb la super actuaci\u00f3 del MAG \u00d2SCAR de la TORRE i taller de m\u00e0gia a partir de 3r.<br \/>\n&#8211; Dimarts: Actuaci\u00f3 del Mag Ramon.<br \/>\n&#8211; Divendres: Actuaci\u00f3 de les\u00a0 \u00a0SUPER MAGUES I&hellip;  <a href=\"https:\/\/agora.xtec.cat\/escoladetermens\/portada\/magia-projecte-interdisciplinari\/\" title=\"Read M\u00c0GIA: Projecte Interdisciplinari\">Llegeix m\u00e9s\u00bb<\/a><\/p>\n","protected":false},"author":1,"featured_media":0,"comment_status":"open","ping_status":"closed","sticky":false,"template":"","format":"standard","meta":{"_bbp_topic_count":0,"_bbp_reply_count":0,"_bbp_total_topic_count":0,"_bbp_total_reply_count":0,"_bbp_voice_count":0,"_bbp_anonymous_reply_count":0,"_bbp_topic_count_hidden":0,"_bbp_reply_count_hidden":0,"_bbp_forum_subforum_count":0,"footnotes":""},"categories":[10,11,12,14,15,9,4],"tags":[],"class_list":["post-7215","post","type-post","status-publish","format-standard","hentry","category-2n","category-3r","category-4t","category-5e","category-6e","category-i5","category-portada"],"post_mailing_queue_ids":[],"_links":{"self":[{"href":"https:\/\/agora.xtec.cat\/escoladetermens\/wp-json\/wp\/v2\/posts\/7215","targetHints":{"allow":["GET"]}}],"collection":[{"href":"https:\/\/agora.xtec.cat\/escoladetermens\/wp-json\/wp\/v2\/posts"}],"about":[{"href":"https:\/\/agora.xtec.cat\/escoladetermens\/wp-json\/wp\/v2\/types\/post"}],"author":[{"embeddable":true,"href":"https:\/\/agora.xtec.cat\/escoladetermens\/wp-json\/wp\/v2\/users\/1"}],"replies":[{"embeddable":true,"href":"https:\/\/agora.xtec.cat\/escoladetermens\/wp-json\/wp\/v2\/comments?post=7215"}],"version-history":[{"count":3,"href":"https:\/\/agora.xtec.cat\/escoladetermens\/wp-json\/wp\/v2\/posts\/7215\/revisions"}],"predecessor-version":[{"id":7248,"href":"https:\/\/agora.xtec.cat\/escoladetermens\/wp-json\/wp\/v2\/posts\/7215\/revisions\/7248"}],"wp:attachment":[{"href":"https:\/\/agora.xtec.cat\/escoladetermens\/wp-json\/wp\/v2\/media?parent=7215"}],"wp:term":[{"taxonomy":"category","embeddable":true,"href":"https:\/\/agora.xtec.cat\/escoladetermens\/wp-json\/wp\/v2\/categories?post=7215"},{"taxonomy":"post_tag","embeddable":true,"href":"https:\/\/agora.xtec.cat\/escoladetermens\/wp-json\/wp\/v2\/tags?post=7215"}],"curies":[{"name":"wp","href":"https:\/\/api.w.org\/{rel}","templated":true}]}}