{"id":7168,"date":"2023-02-17T15:44:03","date_gmt":"2023-02-17T14:44:03","guid":{"rendered":"https:\/\/agora.xtec.cat\/escoladetermens\/?p=7168"},"modified":"2023-02-20T16:59:36","modified_gmt":"2023-02-20T15:59:36","slug":"espectacle-patins-i-patinets","status":"publish","type":"post","link":"https:\/\/agora.xtec.cat\/escoladetermens\/portada\/espectacle-patins-i-patinets\/","title":{"rendered":"ESPECTACLE PATINS i PATINETS"},"content":{"rendered":"<p>El dijous per la tarda van presentar l&#8217;<strong>E<\/strong><em><strong>spectacle amb Patins i Patinets dels alumnes de 1r fins a 6\u00e8<\/strong> <\/em>que van estar treballant durant uns quants dies a les classes d&#8217;educaci\u00f3 f\u00edsica.<\/p>\n<div><\/div>\n<div style=\"text-align: left;\">Amb els patins i patinets desenvolupem l&#8217;equilibri, la coordinaci\u00f3 i sobretot el treball en equip, ja que les diferents coreografies les dissenya el propi alumnat, aprenent a posar-se d&#8217;acord, a expressar les diferents opinions, a implicar-se i a aportar el millor de cadasc\u00fa\u00a0 per a que dins de cada n\u00famero tots i totes hi quedin representats. La diversitat \u00e9s un valor i tamb\u00e9 una realitat i cada infant ha de poder desenvolupar-se i aprendre al seu ritme i necessitats.<\/div>\n<div><\/div>\n<div style=\"text-align: left;\"><\/div>\n<div style=\"text-align: center;\"><em>Les fotografies parlen per si soles!!!<\/em><\/div>\n<div><\/div>\n<div><a href=\"https:\/\/photos.app.goo.gl\/Xa9qirNioSK1u8D38\"><img loading=\"lazy\" decoding=\"async\" class=\"aligncenter size-medium wp-image-7169\" src=\"https:\/\/agora.xtec.cat\/escoladetermens\/wp-content\/uploads\/usu1845\/2023\/02\/DSC02788-COLLAGE-300x300.jpg\" alt=\"\" width=\"300\" height=\"300\" srcset=\"https:\/\/agora.xtec.cat\/escoladetermens\/wp-content\/uploads\/usu1845\/2023\/02\/DSC02788-COLLAGE-300x300.jpg 300w, https:\/\/agora.xtec.cat\/escoladetermens\/wp-content\/uploads\/usu1845\/2023\/02\/DSC02788-COLLAGE-1024x1024.jpg 1024w, https:\/\/agora.xtec.cat\/escoladetermens\/wp-content\/uploads\/usu1845\/2023\/02\/DSC02788-COLLAGE-150x150.jpg 150w, https:\/\/agora.xtec.cat\/escoladetermens\/wp-content\/uploads\/usu1845\/2023\/02\/DSC02788-COLLAGE-768x768.jpg 768w, https:\/\/agora.xtec.cat\/escoladetermens\/wp-content\/uploads\/usu1845\/2023\/02\/DSC02788-COLLAGE-1536x1536.jpg 1536w, https:\/\/agora.xtec.cat\/escoladetermens\/wp-content\/uploads\/usu1845\/2023\/02\/DSC02788-COLLAGE.jpg 2047w\" sizes=\"auto, (max-width: 300px) 100vw, 300px\" \/><\/a><\/div>\n","protected":false},"excerpt":{"rendered":"<p>El dijous per la tarda van presentar l&#8217;Espectacle amb Patins i Patinets dels alumnes de 1r fins a 6\u00e8 que van estar treballant durant uns quants dies a les classes d&#8217;educaci\u00f3 f\u00edsica.<\/p>\n<p>Amb els patins i patinets desenvolupem l&#8217;equilibri, la coordinaci\u00f3 i sobretot el treball en&hellip;  <a href=\"https:\/\/agora.xtec.cat\/escoladetermens\/portada\/espectacle-patins-i-patinets\/\" title=\"Read ESPECTACLE PATINS i PATINETS\">Llegeix m\u00e9s\u00bb<\/a><\/p>\n","protected":false},"author":1,"featured_media":0,"comment_status":"open","ping_status":"closed","sticky":false,"template":"","format":"standard","meta":{"_bbp_topic_count":0,"_bbp_reply_count":0,"_bbp_total_topic_count":0,"_bbp_total_reply_count":0,"_bbp_voice_count":0,"_bbp_anonymous_reply_count":0,"_bbp_topic_count_hidden":0,"_bbp_reply_count_hidden":0,"_bbp_forum_subforum_count":0,"footnotes":""},"categories":[10,11,12,14,15,83,4],"tags":[],"class_list":["post-7168","post","type-post","status-publish","format-standard","hentry","category-2n","category-3r","category-4t","category-5e","category-6e","category-ed-fisica","category-portada"],"post_mailing_queue_ids":[],"_links":{"self":[{"href":"https:\/\/agora.xtec.cat\/escoladetermens\/wp-json\/wp\/v2\/posts\/7168","targetHints":{"allow":["GET"]}}],"collection":[{"href":"https:\/\/agora.xtec.cat\/escoladetermens\/wp-json\/wp\/v2\/posts"}],"about":[{"href":"https:\/\/agora.xtec.cat\/escoladetermens\/wp-json\/wp\/v2\/types\/post"}],"author":[{"embeddable":true,"href":"https:\/\/agora.xtec.cat\/escoladetermens\/wp-json\/wp\/v2\/users\/1"}],"replies":[{"embeddable":true,"href":"https:\/\/agora.xtec.cat\/escoladetermens\/wp-json\/wp\/v2\/comments?post=7168"}],"version-history":[{"count":3,"href":"https:\/\/agora.xtec.cat\/escoladetermens\/wp-json\/wp\/v2\/posts\/7168\/revisions"}],"predecessor-version":[{"id":7183,"href":"https:\/\/agora.xtec.cat\/escoladetermens\/wp-json\/wp\/v2\/posts\/7168\/revisions\/7183"}],"wp:attachment":[{"href":"https:\/\/agora.xtec.cat\/escoladetermens\/wp-json\/wp\/v2\/media?parent=7168"}],"wp:term":[{"taxonomy":"category","embeddable":true,"href":"https:\/\/agora.xtec.cat\/escoladetermens\/wp-json\/wp\/v2\/categories?post=7168"},{"taxonomy":"post_tag","embeddable":true,"href":"https:\/\/agora.xtec.cat\/escoladetermens\/wp-json\/wp\/v2\/tags?post=7168"}],"curies":[{"name":"wp","href":"https:\/\/api.w.org\/{rel}","templated":true}]}}