{"id":7070,"date":"2022-12-14T14:18:06","date_gmt":"2022-12-14T13:18:06","guid":{"rendered":"https:\/\/agora.xtec.cat\/escoladetermens\/?p=7070"},"modified":"2022-12-14T14:18:06","modified_gmt":"2022-12-14T13:18:06","slug":"lescola-amb-senegal","status":"publish","type":"post","link":"https:\/\/agora.xtec.cat\/escoladetermens\/portada\/lescola-amb-senegal\/","title":{"rendered":"L&#8217;escola amb Senegal!"},"content":{"rendered":"<p>L&#8217;AFA de l&#8217;escola ha enviat equipaci\u00f3 esportiva al Groupe Scolaire NOUVELLE VISION de Sant Louis a Senegal.<\/p>\n<p>Ens encanta poder fer aquestes col\u00b7laboracions per tots els valors que transmeten i m\u00e9s encara sabent que arriba a infants que estan relacionats directament amb nosaltres, son, com explica la llegenda aquests fils invisibles que ens uneixen.<\/p>\n<p>Us expliquem la hist\u00f2ria per qu\u00e8 ens agradar\u00e0 que la coneixeu&#8230;<\/p>\n<p>Resulta que una mestra d&#8217;aquesta escola de Senegal \u00e9s la tieta de dues alumnes de la nostra escola, l&#8217;Amy i la Gina.<\/p>\n<p>El Grup Escolar Nueva Visi\u00f3n fou creat al 2017 a Sor Diagne un suburbi de Sant Louis, una ciutat hist\u00f2rica, patrimoni mundial i primera capital del pa\u00eds.<\/p>\n<p>Sor Diagne \u00e9s un barri popular, humil, de pescadors, on la majoria dels infants abandonen l&#8217;escolaritzaci\u00f3 molt aviat. Per aquest motiu fou creat aquest grup escolar. Hi assisteixen un total de 300 infants entre infantil, prim\u00e0ria i secund\u00e0ria. Tenen 12 aules molt petites, els docents son quasi voluntaris, tot plegat fa adonar del gran valor que per a ells i elles tenen aquestes accions solid\u00e0ries que des de l&#8217;escola estem molt contents de poder duu a terme i agra\u00efm l&#8217;esfor\u00e7 immens de l&#8217;AFA.<\/p>\n<p>A partir d&#8217;aquest primer contacte intentarem fer un vincle encara m\u00e9s gran amb els companys d&#8217;aquesta escola.<\/p>\n<p><strong>Aprofitem per demanar-vos que si teniu xandalls antics en bon estat que ja no utilitzeu els porteu a l&#8217;escola. L&#8217;AFA els far\u00e0 arribar a Senegal al pr\u00f2xim enviament. <\/strong><\/p>\n<p>Segur que aconseguim veure encara m\u00e9s infants amb grans somriures.<\/p>\n<p><a href=\"https:\/\/photos.app.goo.gl\/odBDoTKArbw4HmMr7\"><img loading=\"lazy\" decoding=\"async\" class=\"wp-image-7071 aligncenter\" src=\"https:\/\/agora.xtec.cat\/escoladetermens\/wp-content\/uploads\/usu1845\/2022\/12\/1671019671232-1024x768.jpg\" alt=\"\" width=\"761\" height=\"571\" srcset=\"https:\/\/agora.xtec.cat\/escoladetermens\/wp-content\/uploads\/usu1845\/2022\/12\/1671019671232-1024x768.jpg 1024w, https:\/\/agora.xtec.cat\/escoladetermens\/wp-content\/uploads\/usu1845\/2022\/12\/1671019671232-300x225.jpg 300w, https:\/\/agora.xtec.cat\/escoladetermens\/wp-content\/uploads\/usu1845\/2022\/12\/1671019671232-768x576.jpg 768w, https:\/\/agora.xtec.cat\/escoladetermens\/wp-content\/uploads\/usu1845\/2022\/12\/1671019671232-200x150.jpg 200w, https:\/\/agora.xtec.cat\/escoladetermens\/wp-content\/uploads\/usu1845\/2022\/12\/1671019671232.jpg 1040w\" sizes=\"auto, (max-width: 761px) 100vw, 761px\" \/><\/a><\/p>\n","protected":false},"excerpt":{"rendered":"<p>L&#8217;AFA de l&#8217;escola ha enviat equipaci\u00f3 esportiva al Groupe Scolaire NOUVELLE VISION de Sant Louis a Senegal.<br \/>\nEns encanta poder fer aquestes col\u00b7laboracions per tots els valors que transmeten i m\u00e9s encara sabent que arriba a infants que estan relacionats directament amb nosaltres, son, com explica&hellip;  <a href=\"https:\/\/agora.xtec.cat\/escoladetermens\/portada\/lescola-amb-senegal\/\" title=\"Read L&#8217;escola amb Senegal!\">Llegeix m\u00e9s\u00bb<\/a><\/p>\n","protected":false},"author":1,"featured_media":7071,"comment_status":"open","ping_status":"closed","sticky":false,"template":"","format":"standard","meta":{"_bbp_topic_count":0,"_bbp_reply_count":0,"_bbp_total_topic_count":0,"_bbp_total_reply_count":0,"_bbp_voice_count":0,"_bbp_anonymous_reply_count":0,"_bbp_topic_count_hidden":0,"_bbp_reply_count_hidden":0,"_bbp_forum_subforum_count":0,"footnotes":""},"categories":[7,4],"tags":[],"class_list":["post-7070","post","type-post","status-publish","format-standard","has-post-thumbnail","hentry","category-afa","category-portada"],"post_mailing_queue_ids":[],"_links":{"self":[{"href":"https:\/\/agora.xtec.cat\/escoladetermens\/wp-json\/wp\/v2\/posts\/7070","targetHints":{"allow":["GET"]}}],"collection":[{"href":"https:\/\/agora.xtec.cat\/escoladetermens\/wp-json\/wp\/v2\/posts"}],"about":[{"href":"https:\/\/agora.xtec.cat\/escoladetermens\/wp-json\/wp\/v2\/types\/post"}],"author":[{"embeddable":true,"href":"https:\/\/agora.xtec.cat\/escoladetermens\/wp-json\/wp\/v2\/users\/1"}],"replies":[{"embeddable":true,"href":"https:\/\/agora.xtec.cat\/escoladetermens\/wp-json\/wp\/v2\/comments?post=7070"}],"version-history":[{"count":1,"href":"https:\/\/agora.xtec.cat\/escoladetermens\/wp-json\/wp\/v2\/posts\/7070\/revisions"}],"predecessor-version":[{"id":7072,"href":"https:\/\/agora.xtec.cat\/escoladetermens\/wp-json\/wp\/v2\/posts\/7070\/revisions\/7072"}],"wp:featuredmedia":[{"embeddable":true,"href":"https:\/\/agora.xtec.cat\/escoladetermens\/wp-json\/wp\/v2\/media\/7071"}],"wp:attachment":[{"href":"https:\/\/agora.xtec.cat\/escoladetermens\/wp-json\/wp\/v2\/media?parent=7070"}],"wp:term":[{"taxonomy":"category","embeddable":true,"href":"https:\/\/agora.xtec.cat\/escoladetermens\/wp-json\/wp\/v2\/categories?post=7070"},{"taxonomy":"post_tag","embeddable":true,"href":"https:\/\/agora.xtec.cat\/escoladetermens\/wp-json\/wp\/v2\/tags?post=7070"}],"curies":[{"name":"wp","href":"https:\/\/api.w.org\/{rel}","templated":true}]}}