{"id":7022,"date":"2022-11-25T11:39:05","date_gmt":"2022-11-25T10:39:05","guid":{"rendered":"https:\/\/agora.xtec.cat\/escoladetermens\/?p=7022"},"modified":"2022-11-25T11:39:05","modified_gmt":"2022-11-25T10:39:05","slug":"despertant-els-sentits","status":"publish","type":"post","link":"https:\/\/agora.xtec.cat\/escoladetermens\/portada\/despertant-els-sentits\/","title":{"rendered":"Despertant els sentits"},"content":{"rendered":"<p>Aquesta setmana hem fet una activitat sensorial en un entorn fant\u00e0stic, vora el riu.<\/p>\n<p>Sentir els sons de la natura, les sensacions de les fulles en trepitjar-les i tocar-les, les olors&#8230; quan es perd un sentit, en aquest cas la vista, ja que an\u00e0vem tots i totes amb els ulls tapats, la resta de sentits es desperten encara m\u00e9s. Prendre&#8217;n consci\u00e8ncia i viure-ho \u00e9s fant\u00e0stic.<\/p>\n<p>&nbsp;<\/p>\n<p><a href=\"https:\/\/photos.app.goo.gl\/uoV721u73CNe2orZ7\"><img loading=\"lazy\" decoding=\"async\" class=\"alignnone size-large wp-image-7023\" src=\"https:\/\/agora.xtec.cat\/escoladetermens\/wp-content\/uploads\/usu1845\/2022\/11\/IMG_20221124_122434-1024x768.jpg\" alt=\"\" width=\"1024\" height=\"768\" srcset=\"https:\/\/agora.xtec.cat\/escoladetermens\/wp-content\/uploads\/usu1845\/2022\/11\/IMG_20221124_122434-1024x768.jpg 1024w, https:\/\/agora.xtec.cat\/escoladetermens\/wp-content\/uploads\/usu1845\/2022\/11\/IMG_20221124_122434-300x225.jpg 300w, https:\/\/agora.xtec.cat\/escoladetermens\/wp-content\/uploads\/usu1845\/2022\/11\/IMG_20221124_122434-768x576.jpg 768w, https:\/\/agora.xtec.cat\/escoladetermens\/wp-content\/uploads\/usu1845\/2022\/11\/IMG_20221124_122434-1536x1152.jpg 1536w, https:\/\/agora.xtec.cat\/escoladetermens\/wp-content\/uploads\/usu1845\/2022\/11\/IMG_20221124_122434-200x150.jpg 200w, https:\/\/agora.xtec.cat\/escoladetermens\/wp-content\/uploads\/usu1845\/2022\/11\/IMG_20221124_122434.jpg 1600w\" sizes=\"auto, (max-width: 1024px) 100vw, 1024px\" \/><\/a><\/p>\n","protected":false},"excerpt":{"rendered":"<p>Aquesta setmana hem fet una activitat sensorial en un entorn fant\u00e0stic, vora el riu.<br \/>\nSentir els sons de la natura, les sensacions de les fulles en trepitjar-les i tocar-les, les olors&#8230; quan es perd un sentit, en aquest cas la vista, ja que an\u00e0vem tots i&hellip;  <a href=\"https:\/\/agora.xtec.cat\/escoladetermens\/portada\/despertant-els-sentits\/\" title=\"Read Despertant els sentits\">Llegeix m\u00e9s\u00bb<\/a><\/p>\n","protected":false},"author":1,"featured_media":0,"comment_status":"open","ping_status":"closed","sticky":false,"template":"","format":"standard","meta":{"_bbp_topic_count":0,"_bbp_reply_count":0,"_bbp_total_topic_count":0,"_bbp_total_reply_count":0,"_bbp_voice_count":0,"_bbp_anonymous_reply_count":0,"_bbp_topic_count_hidden":0,"_bbp_reply_count_hidden":0,"_bbp_forum_subforum_count":0,"footnotes":""},"categories":[83,4],"tags":[332,333],"class_list":["post-7022","post","type-post","status-publish","format-standard","hentry","category-ed-fisica","category-portada","tag-educacio-fisica","tag-sensorial"],"post_mailing_queue_ids":[],"_links":{"self":[{"href":"https:\/\/agora.xtec.cat\/escoladetermens\/wp-json\/wp\/v2\/posts\/7022","targetHints":{"allow":["GET"]}}],"collection":[{"href":"https:\/\/agora.xtec.cat\/escoladetermens\/wp-json\/wp\/v2\/posts"}],"about":[{"href":"https:\/\/agora.xtec.cat\/escoladetermens\/wp-json\/wp\/v2\/types\/post"}],"author":[{"embeddable":true,"href":"https:\/\/agora.xtec.cat\/escoladetermens\/wp-json\/wp\/v2\/users\/1"}],"replies":[{"embeddable":true,"href":"https:\/\/agora.xtec.cat\/escoladetermens\/wp-json\/wp\/v2\/comments?post=7022"}],"version-history":[{"count":1,"href":"https:\/\/agora.xtec.cat\/escoladetermens\/wp-json\/wp\/v2\/posts\/7022\/revisions"}],"predecessor-version":[{"id":7024,"href":"https:\/\/agora.xtec.cat\/escoladetermens\/wp-json\/wp\/v2\/posts\/7022\/revisions\/7024"}],"wp:attachment":[{"href":"https:\/\/agora.xtec.cat\/escoladetermens\/wp-json\/wp\/v2\/media?parent=7022"}],"wp:term":[{"taxonomy":"category","embeddable":true,"href":"https:\/\/agora.xtec.cat\/escoladetermens\/wp-json\/wp\/v2\/categories?post=7022"},{"taxonomy":"post_tag","embeddable":true,"href":"https:\/\/agora.xtec.cat\/escoladetermens\/wp-json\/wp\/v2\/tags?post=7022"}],"curies":[{"name":"wp","href":"https:\/\/api.w.org\/{rel}","templated":true}]}}