{"id":6592,"date":"2022-06-21T20:30:21","date_gmt":"2022-06-21T18:30:21","guid":{"rendered":"https:\/\/agora.xtec.cat\/escoladetermens\/?p=6592"},"modified":"2022-06-21T20:31:03","modified_gmt":"2022-06-21T18:31:03","slug":"escenaris-projecte-la-faula","status":"publish","type":"post","link":"https:\/\/agora.xtec.cat\/escoladetermens\/general\/escenaris-projecte-la-faula\/","title":{"rendered":"ESCENARIS PROJECTE: LA FAULA."},"content":{"rendered":"<p style=\"text-align: center\">Els infants de tercer, a l&#8217;\u00e0rea de lleng\u00fces i pl\u00e0stica, hem treballat el projecte de la faula. Despr\u00e9s d&#8217;inventar una faula, han constru\u00eft l&#8217;escenari per poder interpretar-la.<\/p>\n<p style=\"text-align: center\">Aqu\u00ed podeu veure els v\u00eddeos de les nostres faules!<\/p>\n<p><a href=\"https:\/\/photos.app.goo.gl\/5prFDydbPkVz3SpP8\"><img loading=\"lazy\" decoding=\"async\" class=\"alignnone wp-image-6596\" src=\"https:\/\/agora.xtec.cat\/escoladetermens\/wp-content\/uploads\/usu1845\/2022\/06\/20220620_103642-COLLAGE-1024x768.jpg\" alt=\"\" width=\"172\" height=\"129\" srcset=\"https:\/\/agora.xtec.cat\/escoladetermens\/wp-content\/uploads\/usu1845\/2022\/06\/20220620_103642-COLLAGE-1024x768.jpg 1024w, https:\/\/agora.xtec.cat\/escoladetermens\/wp-content\/uploads\/usu1845\/2022\/06\/20220620_103642-COLLAGE-300x225.jpg 300w, https:\/\/agora.xtec.cat\/escoladetermens\/wp-content\/uploads\/usu1845\/2022\/06\/20220620_103642-COLLAGE-768x576.jpg 768w, https:\/\/agora.xtec.cat\/escoladetermens\/wp-content\/uploads\/usu1845\/2022\/06\/20220620_103642-COLLAGE-1536x1152.jpg 1536w, https:\/\/agora.xtec.cat\/escoladetermens\/wp-content\/uploads\/usu1845\/2022\/06\/20220620_103642-COLLAGE-200x150.jpg 200w, https:\/\/agora.xtec.cat\/escoladetermens\/wp-content\/uploads\/usu1845\/2022\/06\/20220620_103642-COLLAGE.jpg 2046w\" sizes=\"auto, (max-width: 172px) 100vw, 172px\" \/>\u00a0 \u00a0<\/a><a href=\"https:\/\/photos.app.goo.gl\/jeFP1Ww8rPbcJ1fs9\"><img loading=\"lazy\" decoding=\"async\" class=\"alignnone wp-image-6597\" src=\"https:\/\/agora.xtec.cat\/escoladetermens\/wp-content\/uploads\/usu1845\/2022\/06\/20220620_124250-COLLAGE-768x1024.jpg\" alt=\"\" width=\"170\" height=\"226\" srcset=\"https:\/\/agora.xtec.cat\/escoladetermens\/wp-content\/uploads\/usu1845\/2022\/06\/20220620_124250-COLLAGE-768x1024.jpg 768w, https:\/\/agora.xtec.cat\/escoladetermens\/wp-content\/uploads\/usu1845\/2022\/06\/20220620_124250-COLLAGE-225x300.jpg 225w, https:\/\/agora.xtec.cat\/escoladetermens\/wp-content\/uploads\/usu1845\/2022\/06\/20220620_124250-COLLAGE-1152x1536.jpg 1152w, https:\/\/agora.xtec.cat\/escoladetermens\/wp-content\/uploads\/usu1845\/2022\/06\/20220620_124250-COLLAGE.jpg 1535w\" sizes=\"auto, (max-width: 170px) 100vw, 170px\" \/><\/a> \u00a0 \u00a0 <a href=\"https:\/\/photos.app.goo.gl\/gdUfQwxhKWT6NBMJ7\"><img loading=\"lazy\" decoding=\"async\" class=\"alignnone wp-image-6598\" src=\"https:\/\/agora.xtec.cat\/escoladetermens\/wp-content\/uploads\/usu1845\/2022\/06\/20220620_122115-COLLAGE-768x1024.jpg\" alt=\"\" width=\"179\" height=\"239\" srcset=\"https:\/\/agora.xtec.cat\/escoladetermens\/wp-content\/uploads\/usu1845\/2022\/06\/20220620_122115-COLLAGE-768x1024.jpg 768w, https:\/\/agora.xtec.cat\/escoladetermens\/wp-content\/uploads\/usu1845\/2022\/06\/20220620_122115-COLLAGE-225x300.jpg 225w, https:\/\/agora.xtec.cat\/escoladetermens\/wp-content\/uploads\/usu1845\/2022\/06\/20220620_122115-COLLAGE-1152x1536.jpg 1152w, https:\/\/agora.xtec.cat\/escoladetermens\/wp-content\/uploads\/usu1845\/2022\/06\/20220620_122115-COLLAGE.jpg 1535w\" sizes=\"auto, (max-width: 179px) 100vw, 179px\" \/><\/a><\/p>\n<p>&nbsp;<\/p>\n<p>&nbsp;<\/p>\n","protected":false},"excerpt":{"rendered":"<p>Els infants de tercer, a l&#8217;\u00e0rea de lleng\u00fces i pl\u00e0stica, hem treballat el projecte de la faula. Despr\u00e9s d&#8217;inventar una faula, han constru\u00eft l&#8217;escenari per poder interpretar-la.<br \/>\nAqu\u00ed podeu veure els v\u00eddeos de les nostres faules!<br \/>\n<a href=\"https:\/\/photos.app.goo.gl\/5prFDydbPkVz3SpP8\">\u00a0 \u00a0<\/a><a href=\"https:\/\/photos.app.goo.gl\/jeFP1Ww8rPbcJ1fs9\"><\/a> \u00a0 \u00a0 <a href=\"https:\/\/photos.app.goo.gl\/gdUfQwxhKWT6NBMJ7\"><\/a><br \/>\n&nbsp;<br \/>\n&nbsp;<\/p>\n","protected":false},"author":12,"featured_media":0,"comment_status":"open","ping_status":"closed","sticky":false,"template":"","format":"standard","meta":{"_bbp_topic_count":0,"_bbp_reply_count":0,"_bbp_total_topic_count":0,"_bbp_total_reply_count":0,"_bbp_voice_count":0,"_bbp_anonymous_reply_count":0,"_bbp_topic_count_hidden":0,"_bbp_reply_count_hidden":0,"_bbp_forum_subforum_count":0,"footnotes":""},"categories":[12,1,4],"tags":[],"class_list":["post-6592","post","type-post","status-publish","format-standard","hentry","category-4t","category-general","category-portada"],"post_mailing_queue_ids":[],"_links":{"self":[{"href":"https:\/\/agora.xtec.cat\/escoladetermens\/wp-json\/wp\/v2\/posts\/6592","targetHints":{"allow":["GET"]}}],"collection":[{"href":"https:\/\/agora.xtec.cat\/escoladetermens\/wp-json\/wp\/v2\/posts"}],"about":[{"href":"https:\/\/agora.xtec.cat\/escoladetermens\/wp-json\/wp\/v2\/types\/post"}],"author":[{"embeddable":true,"href":"https:\/\/agora.xtec.cat\/escoladetermens\/wp-json\/wp\/v2\/users\/12"}],"replies":[{"embeddable":true,"href":"https:\/\/agora.xtec.cat\/escoladetermens\/wp-json\/wp\/v2\/comments?post=6592"}],"version-history":[{"count":3,"href":"https:\/\/agora.xtec.cat\/escoladetermens\/wp-json\/wp\/v2\/posts\/6592\/revisions"}],"predecessor-version":[{"id":6603,"href":"https:\/\/agora.xtec.cat\/escoladetermens\/wp-json\/wp\/v2\/posts\/6592\/revisions\/6603"}],"wp:attachment":[{"href":"https:\/\/agora.xtec.cat\/escoladetermens\/wp-json\/wp\/v2\/media?parent=6592"}],"wp:term":[{"taxonomy":"category","embeddable":true,"href":"https:\/\/agora.xtec.cat\/escoladetermens\/wp-json\/wp\/v2\/categories?post=6592"},{"taxonomy":"post_tag","embeddable":true,"href":"https:\/\/agora.xtec.cat\/escoladetermens\/wp-json\/wp\/v2\/tags?post=6592"}],"curies":[{"name":"wp","href":"https:\/\/api.w.org\/{rel}","templated":true}]}}