{"id":6546,"date":"2022-06-11T11:06:56","date_gmt":"2022-06-11T09:06:56","guid":{"rendered":"https:\/\/agora.xtec.cat\/escoladetermens\/?p=6546"},"modified":"2022-06-11T11:11:28","modified_gmt":"2022-06-11T09:11:28","slug":"cor-petjada-de-6e","status":"publish","type":"post","link":"https:\/\/agora.xtec.cat\/escoladetermens\/portada\/cor-petjada-de-6e\/","title":{"rendered":"COR PETJADA de 6\u00e8"},"content":{"rendered":"<p style=\"text-align: center;\">Cap al tard del dijous passat <strong>uns follets m\u00e0gics de la CLASSE de 6\u00e8, <\/strong>guiats per<strong> la fada fant\u00e0stica, Montse Balcells <\/strong>van pintar el cor del logotip al pati de la nostra escola, per tal de deixar una petjada que sigui un record per tots nosaltres, a m\u00e9s de donar un gran\u00a0 agra\u00efment a l&#8217;equip directiu format per Elisabet Navarro, Rosa Miralles i PEPITA SOLSONA.<\/p>\n<p style=\"text-align: center;\"><em><strong>MOLTES GR\u00c0CIES\u00a0 per fer-ho possible\u00a0 !\u00a0 ! !<\/strong><\/em><\/p>\n<p><a href=\"https:\/\/photos.app.goo.gl\/PFwadV6nxPs2zizQ7\"><img loading=\"lazy\" decoding=\"async\" class=\"alignnone size-large wp-image-6547\" src=\"https:\/\/agora.xtec.cat\/escoladetermens\/wp-content\/uploads\/usu1845\/2022\/06\/DSC01600-COLLAGE-1-1024x1024.jpg\" alt=\"\" width=\"1024\" height=\"1024\" srcset=\"https:\/\/agora.xtec.cat\/escoladetermens\/wp-content\/uploads\/usu1845\/2022\/06\/DSC01600-COLLAGE-1-1024x1024.jpg 1024w, https:\/\/agora.xtec.cat\/escoladetermens\/wp-content\/uploads\/usu1845\/2022\/06\/DSC01600-COLLAGE-1-300x300.jpg 300w, https:\/\/agora.xtec.cat\/escoladetermens\/wp-content\/uploads\/usu1845\/2022\/06\/DSC01600-COLLAGE-1-150x150.jpg 150w, https:\/\/agora.xtec.cat\/escoladetermens\/wp-content\/uploads\/usu1845\/2022\/06\/DSC01600-COLLAGE-1-768x768.jpg 768w, https:\/\/agora.xtec.cat\/escoladetermens\/wp-content\/uploads\/usu1845\/2022\/06\/DSC01600-COLLAGE-1-1536x1536.jpg 1536w, https:\/\/agora.xtec.cat\/escoladetermens\/wp-content\/uploads\/usu1845\/2022\/06\/DSC01600-COLLAGE-1.jpg 1664w\" sizes=\"auto, (max-width: 1024px) 100vw, 1024px\" \/><\/a><\/p>\n","protected":false},"excerpt":{"rendered":"<p>Cap al tard del dijous passat uns follets m\u00e0gics de la CLASSE de 6\u00e8, guiats per la fada fant\u00e0stica, Montse Balcells van pintar el cor del logotip al pati de la nostra escola, per tal de deixar una petjada que sigui un record per tots&hellip;  <a href=\"https:\/\/agora.xtec.cat\/escoladetermens\/portada\/cor-petjada-de-6e\/\" title=\"Read COR PETJADA de 6\u00e8\">Llegeix m\u00e9s\u00bb<\/a><\/p>\n","protected":false},"author":1,"featured_media":0,"comment_status":"open","ping_status":"closed","sticky":false,"template":"","format":"standard","meta":{"_bbp_topic_count":0,"_bbp_reply_count":0,"_bbp_total_topic_count":0,"_bbp_total_reply_count":0,"_bbp_voice_count":0,"_bbp_anonymous_reply_count":0,"_bbp_topic_count_hidden":0,"_bbp_reply_count_hidden":0,"_bbp_forum_subforum_count":0,"footnotes":""},"categories":[15,4],"tags":[],"class_list":["post-6546","post","type-post","status-publish","format-standard","hentry","category-6e","category-portada"],"post_mailing_queue_ids":[],"_links":{"self":[{"href":"https:\/\/agora.xtec.cat\/escoladetermens\/wp-json\/wp\/v2\/posts\/6546","targetHints":{"allow":["GET"]}}],"collection":[{"href":"https:\/\/agora.xtec.cat\/escoladetermens\/wp-json\/wp\/v2\/posts"}],"about":[{"href":"https:\/\/agora.xtec.cat\/escoladetermens\/wp-json\/wp\/v2\/types\/post"}],"author":[{"embeddable":true,"href":"https:\/\/agora.xtec.cat\/escoladetermens\/wp-json\/wp\/v2\/users\/1"}],"replies":[{"embeddable":true,"href":"https:\/\/agora.xtec.cat\/escoladetermens\/wp-json\/wp\/v2\/comments?post=6546"}],"version-history":[{"count":3,"href":"https:\/\/agora.xtec.cat\/escoladetermens\/wp-json\/wp\/v2\/posts\/6546\/revisions"}],"predecessor-version":[{"id":6551,"href":"https:\/\/agora.xtec.cat\/escoladetermens\/wp-json\/wp\/v2\/posts\/6546\/revisions\/6551"}],"wp:attachment":[{"href":"https:\/\/agora.xtec.cat\/escoladetermens\/wp-json\/wp\/v2\/media?parent=6546"}],"wp:term":[{"taxonomy":"category","embeddable":true,"href":"https:\/\/agora.xtec.cat\/escoladetermens\/wp-json\/wp\/v2\/categories?post=6546"},{"taxonomy":"post_tag","embeddable":true,"href":"https:\/\/agora.xtec.cat\/escoladetermens\/wp-json\/wp\/v2\/tags?post=6546"}],"curies":[{"name":"wp","href":"https:\/\/api.w.org\/{rel}","templated":true}]}}