{"id":6469,"date":"2022-05-17T13:50:09","date_gmt":"2022-05-17T11:50:09","guid":{"rendered":"https:\/\/agora.xtec.cat\/escoladetermens\/?p=6469"},"modified":"2022-05-17T14:01:40","modified_gmt":"2022-05-17T12:01:40","slug":"salvem-el-mon-amb-fruites-i-verdures","status":"publish","type":"post","link":"https:\/\/agora.xtec.cat\/escoladetermens\/portada\/salvem-el-mon-amb-fruites-i-verdures\/","title":{"rendered":"SALVEM EL M\u00d3N AMB FRUITES I VERDURES !"},"content":{"rendered":"<p style=\"text-align: center;\">Als grups de <strong>3r i 4t+5\u00e8<\/strong> el <em><strong>taller d&#8217;alimentaci\u00f3 i salut<\/strong><\/em> ha donat import\u00e0ncia a la tria dels <strong>aliments segons la temporada i la proximitat.\u00a0<\/strong><\/p>\n<p><a href=\"https:\/\/photos.app.goo.gl\/bhE1GBJ4pKw18XfTA\"><img loading=\"lazy\" decoding=\"async\" class=\"alignnone size-large wp-image-6470 aligncenter\" src=\"https:\/\/agora.xtec.cat\/escoladetermens\/wp-content\/uploads\/usu1845\/2022\/05\/6-COLLAGE-769x1024.jpg\" alt=\"\" width=\"769\" height=\"1024\" srcset=\"https:\/\/agora.xtec.cat\/escoladetermens\/wp-content\/uploads\/usu1845\/2022\/05\/6-COLLAGE-769x1024.jpg 769w, https:\/\/agora.xtec.cat\/escoladetermens\/wp-content\/uploads\/usu1845\/2022\/05\/6-COLLAGE-225x300.jpg 225w, https:\/\/agora.xtec.cat\/escoladetermens\/wp-content\/uploads\/usu1845\/2022\/05\/6-COLLAGE-768x1023.jpg 768w, https:\/\/agora.xtec.cat\/escoladetermens\/wp-content\/uploads\/usu1845\/2022\/05\/6-COLLAGE.jpg 1064w\" sizes=\"auto, (max-width: 769px) 100vw, 769px\" \/><\/a><\/p>\n","protected":false},"excerpt":{"rendered":"<p>Als grups de 3r i 4t+5\u00e8 el taller d&#8217;alimentaci\u00f3 i salut ha donat import\u00e0ncia a la tria dels aliments segons la temporada i la proximitat.\u00a0<br \/>\n<a href=\"https:\/\/photos.app.goo.gl\/bhE1GBJ4pKw18XfTA\"><\/a><\/p>\n","protected":false},"author":1,"featured_media":0,"comment_status":"open","ping_status":"closed","sticky":false,"template":"","format":"standard","meta":{"_bbp_topic_count":0,"_bbp_reply_count":0,"_bbp_total_topic_count":0,"_bbp_total_reply_count":0,"_bbp_voice_count":0,"_bbp_anonymous_reply_count":0,"_bbp_topic_count_hidden":0,"_bbp_reply_count_hidden":0,"_bbp_forum_subforum_count":0,"footnotes":""},"categories":[12,14,4],"tags":[],"class_list":["post-6469","post","type-post","status-publish","format-standard","hentry","category-4t","category-5e","category-portada"],"post_mailing_queue_ids":[],"_links":{"self":[{"href":"https:\/\/agora.xtec.cat\/escoladetermens\/wp-json\/wp\/v2\/posts\/6469","targetHints":{"allow":["GET"]}}],"collection":[{"href":"https:\/\/agora.xtec.cat\/escoladetermens\/wp-json\/wp\/v2\/posts"}],"about":[{"href":"https:\/\/agora.xtec.cat\/escoladetermens\/wp-json\/wp\/v2\/types\/post"}],"author":[{"embeddable":true,"href":"https:\/\/agora.xtec.cat\/escoladetermens\/wp-json\/wp\/v2\/users\/1"}],"replies":[{"embeddable":true,"href":"https:\/\/agora.xtec.cat\/escoladetermens\/wp-json\/wp\/v2\/comments?post=6469"}],"version-history":[{"count":3,"href":"https:\/\/agora.xtec.cat\/escoladetermens\/wp-json\/wp\/v2\/posts\/6469\/revisions"}],"predecessor-version":[{"id":6473,"href":"https:\/\/agora.xtec.cat\/escoladetermens\/wp-json\/wp\/v2\/posts\/6469\/revisions\/6473"}],"wp:attachment":[{"href":"https:\/\/agora.xtec.cat\/escoladetermens\/wp-json\/wp\/v2\/media?parent=6469"}],"wp:term":[{"taxonomy":"category","embeddable":true,"href":"https:\/\/agora.xtec.cat\/escoladetermens\/wp-json\/wp\/v2\/categories?post=6469"},{"taxonomy":"post_tag","embeddable":true,"href":"https:\/\/agora.xtec.cat\/escoladetermens\/wp-json\/wp\/v2\/tags?post=6469"}],"curies":[{"name":"wp","href":"https:\/\/api.w.org\/{rel}","templated":true}]}}