{"id":6285,"date":"2022-04-05T22:55:59","date_gmt":"2022-04-05T20:55:59","guid":{"rendered":"https:\/\/agora.xtec.cat\/escoladetermens\/?p=6285"},"modified":"2022-04-06T09:48:43","modified_gmt":"2022-04-06T07:48:43","slug":"certamen-de-lectura-en-veu-alta-7","status":"publish","type":"post","link":"https:\/\/agora.xtec.cat\/escoladetermens\/general\/certamen-de-lectura-en-veu-alta-7\/","title":{"rendered":"Certamen de Lectura en Veu Alta"},"content":{"rendered":"<p>Volem felicitar l&#8217;ELNA CASAMITJANA de 6\u00e8 per la seva classificaci\u00f3 per la fase final del Certamen de Lectura en Veu Alta de les terres de Lleida.<\/p>\n<p>La final tindr\u00e0 lloc a l&#8217;Auditori Enric Granados de Lleida el dia 6 de maig. Li desitgem molta sort, segur que ho far\u00e0 molt b\u00e9!!!!<\/p>\n<p>Podeu veure el v\u00eddeo enviat pel jurat de la fase pr\u00e8via.<\/p>\n<p>&nbsp;<\/p>\n<p><a href=\"https:\/\/www.youtube.com\/watch?v=kDa4qVJRLC8\"><img loading=\"lazy\" decoding=\"async\" class=\"alignnone size-full wp-image-6287\" src=\"https:\/\/agora.xtec.cat\/escoladetermens\/wp-content\/uploads\/usu1845\/2022\/04\/CLVA.png\" alt=\"\" width=\"1002\" height=\"1002\" srcset=\"https:\/\/agora.xtec.cat\/escoladetermens\/wp-content\/uploads\/usu1845\/2022\/04\/CLVA.png 1002w, https:\/\/agora.xtec.cat\/escoladetermens\/wp-content\/uploads\/usu1845\/2022\/04\/CLVA-300x300.png 300w, https:\/\/agora.xtec.cat\/escoladetermens\/wp-content\/uploads\/usu1845\/2022\/04\/CLVA-150x150.png 150w, https:\/\/agora.xtec.cat\/escoladetermens\/wp-content\/uploads\/usu1845\/2022\/04\/CLVA-768x768.png 768w\" sizes=\"auto, (max-width: 1002px) 100vw, 1002px\" \/><\/a><\/p>\n","protected":false},"excerpt":{"rendered":"<p>Volem felicitar l&#8217;ELNA CASAMITJANA de 6\u00e8 per la seva classificaci\u00f3 per la fase final del Certamen de Lectura en Veu Alta de les terres de Lleida.<br \/>\nLa final tindr\u00e0 lloc a l&#8217;Auditori Enric Granados de Lleida el dia 6 de maig. Li desitgem molta sort, segur&hellip;  <a href=\"https:\/\/agora.xtec.cat\/escoladetermens\/general\/certamen-de-lectura-en-veu-alta-7\/\" title=\"Read Certamen de Lectura en Veu Alta\">Llegeix m\u00e9s\u00bb<\/a><\/p>\n","protected":false},"author":1,"featured_media":0,"comment_status":"open","ping_status":"closed","sticky":false,"template":"","format":"standard","meta":{"_bbp_topic_count":0,"_bbp_reply_count":0,"_bbp_total_topic_count":0,"_bbp_total_reply_count":0,"_bbp_voice_count":0,"_bbp_anonymous_reply_count":0,"_bbp_topic_count_hidden":0,"_bbp_reply_count_hidden":0,"_bbp_forum_subforum_count":0,"footnotes":""},"categories":[15,1,4,5],"tags":[],"class_list":["post-6285","post","type-post","status-publish","format-standard","hentry","category-6e","category-general","category-portada","category-primaria"],"post_mailing_queue_ids":[],"_links":{"self":[{"href":"https:\/\/agora.xtec.cat\/escoladetermens\/wp-json\/wp\/v2\/posts\/6285","targetHints":{"allow":["GET"]}}],"collection":[{"href":"https:\/\/agora.xtec.cat\/escoladetermens\/wp-json\/wp\/v2\/posts"}],"about":[{"href":"https:\/\/agora.xtec.cat\/escoladetermens\/wp-json\/wp\/v2\/types\/post"}],"author":[{"embeddable":true,"href":"https:\/\/agora.xtec.cat\/escoladetermens\/wp-json\/wp\/v2\/users\/1"}],"replies":[{"embeddable":true,"href":"https:\/\/agora.xtec.cat\/escoladetermens\/wp-json\/wp\/v2\/comments?post=6285"}],"version-history":[{"count":2,"href":"https:\/\/agora.xtec.cat\/escoladetermens\/wp-json\/wp\/v2\/posts\/6285\/revisions"}],"predecessor-version":[{"id":6292,"href":"https:\/\/agora.xtec.cat\/escoladetermens\/wp-json\/wp\/v2\/posts\/6285\/revisions\/6292"}],"wp:attachment":[{"href":"https:\/\/agora.xtec.cat\/escoladetermens\/wp-json\/wp\/v2\/media?parent=6285"}],"wp:term":[{"taxonomy":"category","embeddable":true,"href":"https:\/\/agora.xtec.cat\/escoladetermens\/wp-json\/wp\/v2\/categories?post=6285"},{"taxonomy":"post_tag","embeddable":true,"href":"https:\/\/agora.xtec.cat\/escoladetermens\/wp-json\/wp\/v2\/tags?post=6285"}],"curies":[{"name":"wp","href":"https:\/\/api.w.org\/{rel}","templated":true}]}}