{"id":6158,"date":"2022-03-09T20:12:37","date_gmt":"2022-03-09T19:12:37","guid":{"rendered":"https:\/\/agora.xtec.cat\/escoladetermens\/?p=6158"},"modified":"2022-03-09T20:12:37","modified_gmt":"2022-03-09T19:12:37","slug":"certamen-de-lectura-en-veu-alta-6","status":"publish","type":"post","link":"https:\/\/agora.xtec.cat\/escoladetermens\/portada\/certamen-de-lectura-en-veu-alta-6\/","title":{"rendered":"Certamen de Lectura en Veu Alta"},"content":{"rendered":"<p>Un curs m\u00e9s la nostra escola participar\u00e0 en el <strong>CERTAMEN DE LECTURA EN VEU ALTA<\/strong>. Entre els molts voluntaris vam escollir entre tots\/es els dos alumnes que ens representaran:<\/p>\n<p>Cicle Mitj\u00e0: <em><strong>J\u00daLIA PASCUAL<\/strong><\/em><\/p>\n<p>Cicle Superior: <em><strong>ELNA CASAMITJANA<\/strong><\/em><\/p>\n<p>La tria no va ser gens f\u00e0cil perqu\u00e8 el nivell \u00e9s molt alt! Continuarem treballant per millorar cada dia!<\/p>\n<p>Aquest curs la participaci\u00f3 tamb\u00e9 \u00e9s a trav\u00e9s d&#8217;enregistrament en v\u00eddeo.<\/p>\n<p>Molta sort a les dues!<\/p>\n<p><a href=\"https:\/\/photos.app.goo.gl\/wHTunQeNnJeDSh2U7\"><img loading=\"lazy\" decoding=\"async\" class=\"alignnone size-full wp-image-6159\" src=\"https:\/\/agora.xtec.cat\/escoladetermens\/wp-content\/uploads\/usu1845\/2022\/03\/CONCURS.png\" alt=\"\" width=\"1000\" height=\"1000\" srcset=\"https:\/\/agora.xtec.cat\/escoladetermens\/wp-content\/uploads\/usu1845\/2022\/03\/CONCURS.png 1000w, https:\/\/agora.xtec.cat\/escoladetermens\/wp-content\/uploads\/usu1845\/2022\/03\/CONCURS-300x300.png 300w, https:\/\/agora.xtec.cat\/escoladetermens\/wp-content\/uploads\/usu1845\/2022\/03\/CONCURS-150x150.png 150w, https:\/\/agora.xtec.cat\/escoladetermens\/wp-content\/uploads\/usu1845\/2022\/03\/CONCURS-768x768.png 768w\" sizes=\"auto, (max-width: 1000px) 100vw, 1000px\" \/><\/a><\/p>\n","protected":false},"excerpt":{"rendered":"<p>Un curs m\u00e9s la nostra escola participar\u00e0 en el CERTAMEN DE LECTURA EN VEU ALTA. Entre els molts voluntaris vam escollir entre tots\/es els dos alumnes que ens representaran:<br \/>\nCicle Mitj\u00e0: J\u00daLIA PASCUAL<br \/>\nCicle Superior: ELNA CASAMITJANA<br \/>\nLa tria no va ser gens f\u00e0cil perqu\u00e8 el nivell \u00e9s&hellip;  <a href=\"https:\/\/agora.xtec.cat\/escoladetermens\/portada\/certamen-de-lectura-en-veu-alta-6\/\" title=\"Read Certamen de Lectura en Veu Alta\">Llegeix m\u00e9s\u00bb<\/a><\/p>\n","protected":false},"author":1,"featured_media":0,"comment_status":"open","ping_status":"closed","sticky":false,"template":"","format":"standard","meta":{"_bbp_topic_count":0,"_bbp_reply_count":0,"_bbp_total_topic_count":0,"_bbp_total_reply_count":0,"_bbp_voice_count":0,"_bbp_anonymous_reply_count":0,"_bbp_topic_count_hidden":0,"_bbp_reply_count_hidden":0,"_bbp_forum_subforum_count":0,"footnotes":""},"categories":[12,14,15,4],"tags":[],"class_list":["post-6158","post","type-post","status-publish","format-standard","hentry","category-4t","category-5e","category-6e","category-portada"],"post_mailing_queue_ids":[],"_links":{"self":[{"href":"https:\/\/agora.xtec.cat\/escoladetermens\/wp-json\/wp\/v2\/posts\/6158","targetHints":{"allow":["GET"]}}],"collection":[{"href":"https:\/\/agora.xtec.cat\/escoladetermens\/wp-json\/wp\/v2\/posts"}],"about":[{"href":"https:\/\/agora.xtec.cat\/escoladetermens\/wp-json\/wp\/v2\/types\/post"}],"author":[{"embeddable":true,"href":"https:\/\/agora.xtec.cat\/escoladetermens\/wp-json\/wp\/v2\/users\/1"}],"replies":[{"embeddable":true,"href":"https:\/\/agora.xtec.cat\/escoladetermens\/wp-json\/wp\/v2\/comments?post=6158"}],"version-history":[{"count":1,"href":"https:\/\/agora.xtec.cat\/escoladetermens\/wp-json\/wp\/v2\/posts\/6158\/revisions"}],"predecessor-version":[{"id":6160,"href":"https:\/\/agora.xtec.cat\/escoladetermens\/wp-json\/wp\/v2\/posts\/6158\/revisions\/6160"}],"wp:attachment":[{"href":"https:\/\/agora.xtec.cat\/escoladetermens\/wp-json\/wp\/v2\/media?parent=6158"}],"wp:term":[{"taxonomy":"category","embeddable":true,"href":"https:\/\/agora.xtec.cat\/escoladetermens\/wp-json\/wp\/v2\/categories?post=6158"},{"taxonomy":"post_tag","embeddable":true,"href":"https:\/\/agora.xtec.cat\/escoladetermens\/wp-json\/wp\/v2\/tags?post=6158"}],"curies":[{"name":"wp","href":"https:\/\/api.w.org\/{rel}","templated":true}]}}