{"id":6131,"date":"2022-03-03T20:01:50","date_gmt":"2022-03-03T19:01:50","guid":{"rendered":"https:\/\/agora.xtec.cat\/escoladetermens\/?p=6131"},"modified":"2022-03-03T20:02:36","modified_gmt":"2022-03-03T19:02:36","slug":"recollida-per-a-ucraina","status":"publish","type":"post","link":"https:\/\/agora.xtec.cat\/escoladetermens\/portada\/recollida-per-a-ucraina\/","title":{"rendered":"RECOLLIDA PER A UCRA\u00cfNA"},"content":{"rendered":"<p style=\"text-align: center;\">La nostra escola s&#8217;afegeix a la recollida d&#8217;ajuts humanitaris, i expressa el nostre suport a l&#8217;<strong>escola Malina Kid&#8217;s Primary de la poblaci\u00f3 d&#8217;Irpin a UCRA\u00cfNA<\/strong>\u00a0 amb qui l&#8217;any passat vam participar juntament amb 9 escoles m\u00e9s en el <strong>Projecte europeu eTwinning &#8220;XL Exchanging Eggciting Cards&#8221;<\/strong> en l&#8217;intercanvi de targetes de Pasqua, fetes pels alumnes i explicant les nostres tradicions en angl\u00e8s i en la nostra llengua.<a href=\"https:\/\/agora.xtec.cat\/escoladetermens\/wp-content\/uploads\/usu1845\/2022\/03\/Video-Call.jpg\"><img loading=\"lazy\" decoding=\"async\" class=\"alignnone size-full wp-image-6132\" src=\"https:\/\/agora.xtec.cat\/escoladetermens\/wp-content\/uploads\/usu1845\/2022\/03\/Video-Call.jpg\" alt=\"\" width=\"885\" height=\"501\" srcset=\"https:\/\/agora.xtec.cat\/escoladetermens\/wp-content\/uploads\/usu1845\/2022\/03\/Video-Call.jpg 885w, https:\/\/agora.xtec.cat\/escoladetermens\/wp-content\/uploads\/usu1845\/2022\/03\/Video-Call-300x170.jpg 300w, https:\/\/agora.xtec.cat\/escoladetermens\/wp-content\/uploads\/usu1845\/2022\/03\/Video-Call-768x435.jpg 768w\" sizes=\"auto, (max-width: 885px) 100vw, 885px\" \/><\/a>Aquest \u00e9s un record de la videoconfer\u00e8ncia realitzada amb aquesta escola ucra\u00efnesa!<\/p>\n<p><a href=\"https:\/\/agora.xtec.cat\/escoladetermens\/wp-content\/uploads\/usu1845\/2022\/03\/RECOLLIDA-UCRAINA.jpg\"><img loading=\"lazy\" decoding=\"async\" class=\"alignnone size-large wp-image-6133\" src=\"https:\/\/agora.xtec.cat\/escoladetermens\/wp-content\/uploads\/usu1845\/2022\/03\/RECOLLIDA-UCRAINA-724x1024.jpg\" alt=\"\" width=\"724\" height=\"1024\" srcset=\"https:\/\/agora.xtec.cat\/escoladetermens\/wp-content\/uploads\/usu1845\/2022\/03\/RECOLLIDA-UCRAINA-724x1024.jpg 724w, https:\/\/agora.xtec.cat\/escoladetermens\/wp-content\/uploads\/usu1845\/2022\/03\/RECOLLIDA-UCRAINA-212x300.jpg 212w, https:\/\/agora.xtec.cat\/escoladetermens\/wp-content\/uploads\/usu1845\/2022\/03\/RECOLLIDA-UCRAINA-768x1086.jpg 768w, https:\/\/agora.xtec.cat\/escoladetermens\/wp-content\/uploads\/usu1845\/2022\/03\/RECOLLIDA-UCRAINA-1086x1536.jpg 1086w, https:\/\/agora.xtec.cat\/escoladetermens\/wp-content\/uploads\/usu1845\/2022\/03\/RECOLLIDA-UCRAINA-1448x2048.jpg 1448w, https:\/\/agora.xtec.cat\/escoladetermens\/wp-content\/uploads\/usu1845\/2022\/03\/RECOLLIDA-UCRAINA.jpg 1587w\" sizes=\"auto, (max-width: 724px) 100vw, 724px\" \/><\/a><\/p>\n","protected":false},"excerpt":{"rendered":"<p>La nostra escola s&#8217;afegeix a la recollida d&#8217;ajuts humanitaris, i expressa el nostre suport a l&#8217;escola Malina Kid&#8217;s Primary de la poblaci\u00f3 d&#8217;Irpin a UCRA\u00cfNA\u00a0 amb qui l&#8217;any passat vam participar juntament amb 9 escoles m\u00e9s en el Projecte europeu eTwinning &#8220;XL Exchanging Eggciting Cards&#8221;&hellip;  <a href=\"https:\/\/agora.xtec.cat\/escoladetermens\/portada\/recollida-per-a-ucraina\/\" title=\"Read RECOLLIDA PER A UCRA\u00cfNA\">Llegeix m\u00e9s\u00bb<\/a><\/p>\n","protected":false},"author":1,"featured_media":0,"comment_status":"open","ping_status":"closed","sticky":false,"template":"","format":"standard","meta":{"_bbp_topic_count":0,"_bbp_reply_count":0,"_bbp_total_topic_count":0,"_bbp_total_reply_count":0,"_bbp_voice_count":0,"_bbp_anonymous_reply_count":0,"_bbp_topic_count_hidden":0,"_bbp_reply_count_hidden":0,"_bbp_forum_subforum_count":0,"footnotes":""},"categories":[4],"tags":[],"class_list":["post-6131","post","type-post","status-publish","format-standard","hentry","category-portada"],"post_mailing_queue_ids":[],"_links":{"self":[{"href":"https:\/\/agora.xtec.cat\/escoladetermens\/wp-json\/wp\/v2\/posts\/6131","targetHints":{"allow":["GET"]}}],"collection":[{"href":"https:\/\/agora.xtec.cat\/escoladetermens\/wp-json\/wp\/v2\/posts"}],"about":[{"href":"https:\/\/agora.xtec.cat\/escoladetermens\/wp-json\/wp\/v2\/types\/post"}],"author":[{"embeddable":true,"href":"https:\/\/agora.xtec.cat\/escoladetermens\/wp-json\/wp\/v2\/users\/1"}],"replies":[{"embeddable":true,"href":"https:\/\/agora.xtec.cat\/escoladetermens\/wp-json\/wp\/v2\/comments?post=6131"}],"version-history":[{"count":2,"href":"https:\/\/agora.xtec.cat\/escoladetermens\/wp-json\/wp\/v2\/posts\/6131\/revisions"}],"predecessor-version":[{"id":6135,"href":"https:\/\/agora.xtec.cat\/escoladetermens\/wp-json\/wp\/v2\/posts\/6131\/revisions\/6135"}],"wp:attachment":[{"href":"https:\/\/agora.xtec.cat\/escoladetermens\/wp-json\/wp\/v2\/media?parent=6131"}],"wp:term":[{"taxonomy":"category","embeddable":true,"href":"https:\/\/agora.xtec.cat\/escoladetermens\/wp-json\/wp\/v2\/categories?post=6131"},{"taxonomy":"post_tag","embeddable":true,"href":"https:\/\/agora.xtec.cat\/escoladetermens\/wp-json\/wp\/v2\/tags?post=6131"}],"curies":[{"name":"wp","href":"https:\/\/api.w.org\/{rel}","templated":true}]}}